{"id":505800,"date":"2025-10-17T12:35:16","date_gmt":"2025-10-17T12:35:16","guid":{"rendered":"https:\/\/www.europesays.com\/de\/505800\/"},"modified":"2025-10-17T12:35:16","modified_gmt":"2025-10-17T12:35:16","slug":"lidl-discounter-vereinheitlicht-preise-deutschlandweit","status":"publish","type":"post","link":"https:\/\/www.europesays.com\/de\/505800\/","title":{"rendered":"Lidl: Discounter vereinheitlicht Preise deutschlandweit"},"content":{"rendered":"<p>Strategiewechsel <\/p>\n<p>Lidl vereinheitlicht Preise deutschlandweit<\/p>\n<p>17.10.2025 &#8211; 13:55 UhrLesedauer: 1 Min.<\/p>\n<p><a href=\"#focus-0\" class=\"transition-colors duration-200 block text-current relative\" data-sctrack=\"FocusGalleryImage.Reference\"><img fetchpriority=\"high\" data-testid=\"Opener.Image\" style=\"--lqipURL:url('https:\/\/images.t-online.de\/2025\/10\/DKeSDpPbb-x7\/0x209:4000x2250\/fit-in\/150x0\/filters:blur(25)\/image.jpg')\"   loading=\"eager\" src=\"https:\/\/www.europesays.com\/de\/wp-content\/uploads\/2025\/10\/1759971141_763_image.jpg\" alt=\"imago images 0789945170\" title=\"imago images 0789945170\" width=\"4000\" height=\"2250\" class=\"bg-[url:var(--lqipURL)] bg-cover bg-center flex h-full w-full max-w-full\" decoding=\"async\"\/><img style=\"--width:32;--height:32\" loading=\"lazy\" src=\"https:\/\/www.t-online.de\/s\/paper\/_next\/static\/media\/zoom-in.f7dae02f.svg\" alt=\"Vergr\u00f6\u00dfern des Bildes\" title=\"Vergr\u00f6\u00dfern des Bildes\" class=\"block h-[calc(var(--height)_\/_16_*_1rem)] w-[calc(var(--width)_\/_16_*_1rem)] max-w-none absolute bottom-8 right-8 rounded-4 bg-snow p-8\" decoding=\"async\"\/><\/a><\/p>\n<p>Schilder konkurrierender Discounter (Archivbild): Lidl geht in eine neue Preisoffensive (Quelle: IMAGO\/Michael Nguyen)<\/p>\n<p class=\"font-bold text-18 leading-17\">Ein Land, ein Preis: Dieser Grundsatz gilt bei Lidl nun auch in Deutschland. Was es damit auf sich hat.<\/p>\n<p class=\"text-18 leading-17\"><a class=\"transition-colors duration-200 cursor-pointer text-inherit no-underline text-salemsfur md:hover:text-magenta md:hover:border-magenta md:focus:text-magenta border-current border-b border-solid break-words\" href=\"https:\/\/www.t-online.de\/themen\/lidl\/\" data-sctrack=\"BodyAnchor\" target=\"_blank\" rel=\"noopener\">Lidl<\/a> in Deutschland vereinheitlicht die Preise in allen seinen 39 Regionalgesellschaften. Das berichtet die &#8222;Lebensmittel Zeitung&#8220; (LZ). Die Umstellung lasse sich <a class=\"transition-colors duration-200 cursor-pointer text-inherit no-underline text-salemsfur md:hover:text-magenta md:hover:border-magenta md:focus:text-magenta border-current border-b border-solid break-words\" href=\"https:\/\/www.t-online.de\/finanzen\/aktuelles\/wirtschaft\/id_100739048\/lidl-senkt-preise-fuer-500-produkte-aldi-kuendigt-reaktion-an.html\" data-sctrack=\"BodyAnchor\" target=\"_blank\" rel=\"noopener\">der Discounter mit Sitz in Neckarsulm<\/a> einen dreistelligen Millionenbetrag kosten, hei\u00dft es.<\/p>\n<p class=\"text-18 leading-17\">&#8222;Lidl hat mit dem Einheitspreis den eigenen Aldi-\u00c4quator abgeschafft&#8220;, schreiben die Branchenexperten der LZ. Bisher hatte sich der Discounter der Schwarz-Gruppe bei der Preissetzung relevanter Artikel am jeweiligen, regionalen Aldi-Preis orientiert. Nun soll, wie zum Beispiel in <a class=\"transition-colors duration-200 cursor-pointer text-inherit no-underline text-salemsfur md:hover:text-magenta md:hover:border-magenta md:focus:text-magenta border-current border-b border-solid break-words\" href=\"https:\/\/www.t-online.de\/themen\/frankreich\/\" data-sctrack=\"BodyAnchor\" target=\"_blank\" rel=\"noopener\">Frankreich<\/a> bereits \u00fcblich, im ganzen Land der gleiche Preis gelten. Hei\u00dft: Ein Bund Radieschen wird, egal welche regionalen Gegebenheiten herrschen, bei Lidl an der <a class=\"transition-colors duration-200 cursor-pointer text-inherit no-underline text-salemsfur md:hover:text-magenta md:hover:border-magenta md:focus:text-magenta border-current border-b border-solid break-words\" href=\"https:\/\/www.t-online.de\/themen\/nordsee\/\" data-sctrack=\"BodyAnchor\" target=\"_blank\" rel=\"noopener\">Nordsee<\/a> genauso viel kosten, wie bei Lidl in Berchtesgaden.<\/p>\n<p class=\"text-18 leading-17\">Friedrich Fuchs, Chef der verantwortlichen Schwarz-Gruppe, hatte k\u00fcrzlich in einem Interview mit der &#8222;Frankfurter Allgemeinen Zeitung&#8220; die neue Preisgarantie angek\u00fcndigt: &#8222;Wir gehen davon aus, dass Kunden Transparenz erwarten. Wenn Sie in die Superm\u00e4rkte der Konkurrenz gehen, zahlen Sie teilweise in <a rel=\"nofollow noopener\" target=\"_blank\" class=\"transition-colors duration-200 cursor-pointer text-inherit no-underline text-salemsfur md:hover:text-magenta md:hover:border-magenta md:focus:text-magenta border-current border-b border-solid break-words\" href=\"https:\/\/hamburg.t-online.de\/region\/hamburg\/\" data-sctrack=\"BodyAnchor\">Hamburg<\/a> mehr als in Saarbr\u00fccken. Bei uns ist das anders.&#8220;<\/p>\n","protected":false},"excerpt":{"rendered":"Strategiewechsel Lidl vereinheitlicht Preise deutschlandweit 17.10.2025 &#8211; 13:55 UhrLesedauer: 1 Min. Schilder konkurrierender Discounter (Archivbild): Lidl geht in&hellip;\n","protected":false},"author":2,"featured_media":483915,"comment_status":"","ping_status":"","sticky":false,"template":"","format":"standard","meta":{"footnotes":""},"categories":[134],"tags":[364,175,170,169,29,366,30,126267,702,2939,171,174,16399,126266,25306,173,172],"class_list":{"0":"post-505800","1":"post","2":"type-post","3":"status-publish","4":"format-standard","5":"has-post-thumbnail","7":"category-unternehmen-maerkte","8":"tag-aldi","9":"tag-business","10":"tag-companies","11":"tag-companies-markets","12":"tag-deutschland","13":"tag-discounter","14":"tag-germany","15":"tag-grundsatz","16":"tag-lebensmittel","17":"tag-lidl","18":"tag-markets","19":"tag-maerkte","20":"tag-neckarsulm","21":"tag-preisoffensive","22":"tag-strategiewechsel","23":"tag-unternehmen","24":"tag-unternehmen-maerkte"},"share_on_mastodon":{"url":"https:\/\/pubeurope.com\/@de\/115389539369150811","error":""},"_links":{"self":[{"href":"https:\/\/www.europesays.com\/de\/wp-json\/wp\/v2\/posts\/505800","targetHints":{"allow":["GET"]}}],"collection":[{"href":"https:\/\/www.europesays.com\/de\/wp-json\/wp\/v2\/posts"}],"about":[{"href":"https:\/\/www.europesays.com\/de\/wp-json\/wp\/v2\/types\/post"}],"author":[{"embeddable":true,"href":"https:\/\/www.europesays.com\/de\/wp-json\/wp\/v2\/users\/2"}],"replies":[{"embeddable":true,"href":"https:\/\/www.europesays.com\/de\/wp-json\/wp\/v2\/comments?post=505800"}],"version-history":[{"count":0,"href":"https:\/\/www.europesays.com\/de\/wp-json\/wp\/v2\/posts\/505800\/revisions"}],"wp:featuredmedia":[{"embeddable":true,"href":"https:\/\/www.europesays.com\/de\/wp-json\/wp\/v2\/media\/483915"}],"wp:attachment":[{"href":"https:\/\/www.europesays.com\/de\/wp-json\/wp\/v2\/media?parent=505800"}],"wp:term":[{"taxonomy":"category","embeddable":true,"href":"https:\/\/www.europesays.com\/de\/wp-json\/wp\/v2\/categories?post=505800"},{"taxonomy":"post_tag","embeddable":true,"href":"https:\/\/www.europesays.com\/de\/wp-json\/wp\/v2\/tags?post=505800"}],"curies":[{"name":"wp","href":"https:\/\/api.w.org\/{rel}","templated":true}]}}