{"id":505813,"date":"2025-10-17T12:42:12","date_gmt":"2025-10-17T12:42:12","guid":{"rendered":"https:\/\/www.europesays.com\/de\/505813\/"},"modified":"2025-10-17T12:42:12","modified_gmt":"2025-10-17T12:42:12","slug":"alle-maerkte-in-chemnitz-im-november","status":"publish","type":"post","link":"https:\/\/www.europesays.com\/de\/505813\/","title":{"rendered":"Alle M\u00e4rkte in Chemnitz im November"},"content":{"rendered":"<p>\t\t\t\t\t\t\t\t\t\t\t\t\t\t\t\t\t\t\t\t\t\t\t\t\t\t\t\t\t\t<b class=\"ortsmarke\">Chemnitz.<\/b>\u00a0<\/p>\n<p>Diese M\u00e4rkte gibt es im November in Chemnitz.<\/p>\n<p>\t\t\t\t\t\t\t\t\t\t\t\t\t\t\t\t\t\tSamstag, 1. November, 9 bis 13 Uhr<\/p>\n<p>\t\t\t\t\t\t\t\t\t\t\t\t\t\t\t\t\t\tWochenmarkt am Rathaus<\/p>\n<p>Am Samstag, 1. November, findet f\u00fcr dieses Jahr der letzte Wochenmarkt am Chemnitzer Rathaus (Markt) statt.<\/p>\n<p>\t\t\t\t\t\t\t\t\t\t\t\t\t\t\t\t\t\tMontag, 3. November, 9 bis 16 Uhr<\/p>\n<p>\t\t\t\t\t\t\t\t\t\t\t\t\t\t\t\t\t\tJahrmarkt rund ums Rathaus<\/p>\n<p>Die Stadt Chemnitz f\u00fchrt am Montag, 3. November, den Jahrmarkt rund um das Chemnitzer Rathaus durch (Markt, <a href=\"https:\/\/www.blick.de\/thema\/ort\/neumarkt\" title=\"Neumarkt\" class=\"internal-article-link\" data-ct=\"ENTITY\/LOCATION\/NEUMARKT\" target=\"_blank\" rel=\"noopener\">Neumarkt<\/a>, Rosenhof, Innere Klosterstra\u00dfe von Markt bis Jakobikirchplatz). Die H\u00e4ndler:innen halten wie \u00fcblich ein umfangreiches Warensortiment bereit.<\/p>\n<p>\t\t\t\t\t\t\t\t\t\t\t\t\t\t\t\t\t\tDienstag, 4. November, bis Mittwoch, 31. Dezember<\/p>\n<p>\t\t\t\t\t\t\t\t\t\t\t\t\t\t\t\t\t\tVerlagerung des Wochenmarktes auf die Fl\u00e4che am Roten Turm<\/p>\n<p>Aufgrund der Aufbauarbeiten zum <a href=\"https:\/\/www.blick.de\/thema\/ort\/weihnachtsmarkt-chemnitz\" title=\"Chemnitzer Weihnachtsmarkt\" class=\"internal-article-link\" data-ct=\"ENTITY\/LOCATION\/CHEMNITZER-WEIHNACHTSMARKT\" target=\"_blank\" rel=\"noopener\">Chemnitzer Weihnachtsmarkt<\/a> findet der Wochenmarkt vom 4. November bis 23. Dezember in verkleinerter Form am Roten Turm statt. Die \u00d6ffnungszeiten sind dienstags bis freitags von 9 bis 16 Uhr, sowie zus\u00e4tzlich an den Samstagen 8. November, 15. November und 22. November von 9 bis 13 Uhr. Vom 24. bis 29. Dezember findet kein Wochenmarkt statt. Am Dienstag, 31. Dezember, ist der Wochenmarkt von 9 bis 12 Uhr ge\u00f6ffnet.<\/p>\n<p>\t\t\t\t\t\t\t\t\t\t\t\t\t\t\t\t\t\tFreitag, 7. November, bis Sonntag, 23. November, jeweils von 9 Uhr bis 16 Uhr<\/p>\n<p>\t\t\t\t\t\t\t\t\t\t\t\t\t\t\t\t\t\tMarkt zum Verkauf von Grabschmuck<\/p>\n<p>Ort: Fu\u00dfweg Reichenhainer Stra\u00dfe, beidseitig in H\u00f6he Friedhof<\/p>\n<p>Es besteht die M\u00f6glichkeit, Grabschmuck, Blumen, Kr\u00e4nze, Friedhofsgestecke sowie Reisig zu kaufen.<\/p>\n<p>\t\t\t\t\t\t\t\t\t\t\t\t\t\t\t\t\t\tSamstag, 8. November, gegen 17 Uhr<\/p>\n<p>Ankunft des Weihnachtsbaumes f\u00fcr den Chemnitzer Weihnachtsmarkt<\/p>\n<p>\t\t\t\t\t\t\t\t\t\t\t\t\t\t\t\t\t\tSamstag, 29. November, 14 Uhr<\/p>\n<p>\t\t\t\t\t\t\t\t\t\t\t\t\t\t\t\t\t\tEurop\u00e4ische Bergparade 2025<\/p>\n<p>Ort: Theaterplatz, Stra\u00dfe der Nationen, <a href=\"https:\/\/www.blick.de\/thema\/ort\/brueckenstrasse\" title=\"Br\u00fcckenstra\u00dfe\" class=\"internal-article-link\" data-ct=\"ENTITY\/LOCATION\/BR\u00fcCKENSTRA\u00dfE\" target=\"_blank\" rel=\"noopener\">Br\u00fcckenstra\u00dfe<\/a><\/p>\n<p>Am Samstag, dem 29. November, findet die Europ\u00e4ische Bergparade statt. In diesem Jahr werden nicht nur regionale Teilnehmer:innen aus dem Erzgebirge erwartet, sondern auch befreundete Vereine aus ganz Deutschland und Nachbarsl\u00e4ndern. Das Abschlusskonzert findet auf dem Theaterplatz statt.<\/p>\n<p>Laufstrecke: Theaterplatz \u2013 Richard-Tauber-Stra\u00dfe \u2013 Stra\u00dfe der Nationen \u2013 Br\u00fcckenstra\u00dfe \u2013 Theaterstra\u00dfe \u2013 und zur\u00fcck<\/p>\n<p>\t\t\t\t\t\t\t\t\t\t\t\t\t\t\t\t\t\tFreitag, 28. November, bis Dienstag, 23. Dezember 2025<\/p>\n<p>\t\t\t\t\t\t\t\t\t\t\t\t\t\t\t\t\t\tChemnitzer Weihnachtsmarkt<\/p>\n<p>Ort: Innenstadt<\/p>\n<p>\u00d6ffnungszeiten:<\/p>\n<p>montags bis donnerstags von 11 bis 20 Uhr,<\/p>\n<p>freitags und samstags von 10 bis 21 Uhr,<\/p>\n<p>sonntags von 10 bis 20 Uhr.<\/p>\n<p>Ausnahme: Freitag, 28. November, von 16 bis 21 Uhr<\/p>\n<p>Der Chemnitzer Weihnachtsmarkt wird am 28. November, 16 Uhr durch Oberb\u00fcrgermeister Sven Schulze er\u00f6ffnet. Bis zum 23. Dezember 2025 k\u00f6nnen Besucher:innen die ca. 200 St\u00e4nde in der Chemnitzer Innenstadt besuchen. Im Anschluss wird bis zum 3. Januar 2026 auf dem Neumarkt und dem D\u00fcsseldorfer Platz f\u00fcr das leibliche Wohl gesorgt.<\/p>\n","protected":false},"excerpt":{"rendered":"Chemnitz.\u00a0 Diese M\u00e4rkte gibt es im November in Chemnitz. Samstag, 1. November, 9 bis 13 Uhr Wochenmarkt am&hellip;\n","protected":false},"author":2,"featured_media":505814,"comment_status":"","ping_status":"","sticky":false,"template":"","format":"standard","meta":{"footnotes":""},"categories":[1851],"tags":[2770,3364,29,548,663,3934,30,3986,13,14,15,859,12],"class_list":{"0":"post-505813","1":"post","2":"type-post","3":"status-publish","4":"format-standard","5":"has-post-thumbnail","7":"category-chemnitz","8":"tag-chemnitz","9":"tag-de","10":"tag-deutschland","11":"tag-eu","12":"tag-europa","13":"tag-europe","14":"tag-germany","15":"tag-handel","16":"tag-headlines","17":"tag-nachrichten","18":"tag-news","19":"tag-sachsen","20":"tag-schlagzeilen"},"share_on_mastodon":{"url":"https:\/\/pubeurope.com\/@de\/115389565820576516","error":""},"_links":{"self":[{"href":"https:\/\/www.europesays.com\/de\/wp-json\/wp\/v2\/posts\/505813","targetHints":{"allow":["GET"]}}],"collection":[{"href":"https:\/\/www.europesays.com\/de\/wp-json\/wp\/v2\/posts"}],"about":[{"href":"https:\/\/www.europesays.com\/de\/wp-json\/wp\/v2\/types\/post"}],"author":[{"embeddable":true,"href":"https:\/\/www.europesays.com\/de\/wp-json\/wp\/v2\/users\/2"}],"replies":[{"embeddable":true,"href":"https:\/\/www.europesays.com\/de\/wp-json\/wp\/v2\/comments?post=505813"}],"version-history":[{"count":0,"href":"https:\/\/www.europesays.com\/de\/wp-json\/wp\/v2\/posts\/505813\/revisions"}],"wp:featuredmedia":[{"embeddable":true,"href":"https:\/\/www.europesays.com\/de\/wp-json\/wp\/v2\/media\/505814"}],"wp:attachment":[{"href":"https:\/\/www.europesays.com\/de\/wp-json\/wp\/v2\/media?parent=505813"}],"wp:term":[{"taxonomy":"category","embeddable":true,"href":"https:\/\/www.europesays.com\/de\/wp-json\/wp\/v2\/categories?post=505813"},{"taxonomy":"post_tag","embeddable":true,"href":"https:\/\/www.europesays.com\/de\/wp-json\/wp\/v2\/tags?post=505813"}],"curies":[{"name":"wp","href":"https:\/\/api.w.org\/{rel}","templated":true}]}}