{"id":505819,"date":"2025-10-17T12:45:15","date_gmt":"2025-10-17T12:45:15","guid":{"rendered":"https:\/\/www.europesays.com\/de\/505819\/"},"modified":"2025-10-17T12:45:15","modified_gmt":"2025-10-17T12:45:15","slug":"fuehrerschein-in-essen-soll-guenstiger-werden","status":"publish","type":"post","link":"https:\/\/www.europesays.com\/de\/505819\/","title":{"rendered":"F\u00fchrerschein in Essen soll g\u00fcnstiger werden"},"content":{"rendered":"<p class=\"small date article__date\">Ver\u00f6ffentlicht:\u00a0Freitag, 17.10.2025 14:32<\/p>\n<p>In Essen soll der F\u00fchrerschein bald g\u00fcnstiger werden. Das Verkehrsministerium will die Fahrausbildung kompakter und digitaler machen. Das sagt eine Essener Fahrschule.<\/p>\n<p><img decoding=\"async\" alt=\"Ein Fahrlehrer gibt Anweisungen zum Einparken (Symbolbild).\" src=\"https:\/\/www.europesays.com\/de\/wp-content\/uploads\/2025\/10\/adobestock_120234036.jpeg&#038;crop=108x142x3824x2390&#038;resize=1280x800&#038;dt=202002241156590.jpeg\" data-size=\"1280x800\"\/>\u00a9 Gerhard Seybert &#8211; stock.adobe.comFahrschule in Essen soll kompakter werden<\/p>\n<p>Der durchschnittliche Preis f\u00fcr einen Pkw-F\u00fchrerschein der Klasse B liegt laut Bundesverkehrsministerium derzeit bei rund 3.400 Euro. Das ist ein Anstieg von fast 1000 Euro in den letzten zehn Jahren. Die Fahrschule soll jetzt kompakter und damit preiswerter werden. Zum Beispiel sollen Fahrsch\u00fclerinnen und Fahrsch\u00fcler dann Theoriestunden per App absolvieren oder Nachtfahrten im Fahrsimulator trainieren k\u00f6nnen. Das hei\u00dft, es soll keinen verpflichtenden Pr\u00e4senzunterricht mehr geben. Auch die Pr\u00fcfungen k\u00f6nnten k\u00fcrzer werden. Das alles sind Vorschl\u00e4ge von Bundesverkehrsminister Schnieder.<\/p>\n<p>Die Fahrschulen in Essen sind nur m\u00e4\u00dfig begeistert von den Pl\u00e4nen. Digitale \u00dcbungen k\u00f6nnen eine Fahrstunde im Auto mit Fahrlehrer nicht ersetzen, sagt Fahrlehrer Wolfgang Seidl von der Fahrschule Seidl in Borbeck. Dass die Ausbildung kompakter werden soll, finden sie gut. Aber auch weniger Pr\u00fcfungsfragen stellen sich die Fahrlehrer schwierig vor. Der Stra\u00dfenverkehr werde immer komplizierter mit neuen Funktionen im Auto, wie zum Beispiel automatische Abstandsregelung. Laut Bundesverkehrsministerium sollen die \u00c4nderungen schon n\u00e4chstes Jahr auf den Weg gebracht werden.<\/p>\n<p>Mehr Nachrichten in Essen <\/p>\n","protected":false},"excerpt":{"rendered":"Ver\u00f6ffentlicht:\u00a0Freitag, 17.10.2025 14:32 In Essen soll der F\u00fchrerschein bald g\u00fcnstiger werden. Das Verkehrsministerium will die Fahrausbildung kompakter und&hellip;\n","protected":false},"author":2,"featured_media":505820,"comment_status":"","ping_status":"","sticky":false,"template":"","format":"standard","meta":{"footnotes":""},"categories":[1848],"tags":[3275,513,3364,29,3688,548,663,3934,16387,3658,30,13,14,15,1209,12,6773],"class_list":{"0":"post-505819","1":"post","2":"type-post","3":"status-publish","4":"format-standard","5":"has-post-thumbnail","7":"category-gelsenkirchen","8":"tag-lokalnachrichten","9":"tag-auto","10":"tag-de","11":"tag-deutschland","12":"tag-essen","13":"tag-eu","14":"tag-europa","15":"tag-europe","16":"tag-fhrerschein","17":"tag-gelsenkirchen","18":"tag-germany","19":"tag-headlines","20":"tag-nachrichten","21":"tag-news","22":"tag-nordrhein-westfalen","23":"tag-schlagzeilen","24":"tag-verkehrsministerium"},"share_on_mastodon":{"url":"https:\/\/pubeurope.com\/@de\/115389578204044848","error":""},"_links":{"self":[{"href":"https:\/\/www.europesays.com\/de\/wp-json\/wp\/v2\/posts\/505819","targetHints":{"allow":["GET"]}}],"collection":[{"href":"https:\/\/www.europesays.com\/de\/wp-json\/wp\/v2\/posts"}],"about":[{"href":"https:\/\/www.europesays.com\/de\/wp-json\/wp\/v2\/types\/post"}],"author":[{"embeddable":true,"href":"https:\/\/www.europesays.com\/de\/wp-json\/wp\/v2\/users\/2"}],"replies":[{"embeddable":true,"href":"https:\/\/www.europesays.com\/de\/wp-json\/wp\/v2\/comments?post=505819"}],"version-history":[{"count":0,"href":"https:\/\/www.europesays.com\/de\/wp-json\/wp\/v2\/posts\/505819\/revisions"}],"wp:featuredmedia":[{"embeddable":true,"href":"https:\/\/www.europesays.com\/de\/wp-json\/wp\/v2\/media\/505820"}],"wp:attachment":[{"href":"https:\/\/www.europesays.com\/de\/wp-json\/wp\/v2\/media?parent=505819"}],"wp:term":[{"taxonomy":"category","embeddable":true,"href":"https:\/\/www.europesays.com\/de\/wp-json\/wp\/v2\/categories?post=505819"},{"taxonomy":"post_tag","embeddable":true,"href":"https:\/\/www.europesays.com\/de\/wp-json\/wp\/v2\/tags?post=505819"}],"curies":[{"name":"wp","href":"https:\/\/api.w.org\/{rel}","templated":true}]}}