{"id":505827,"date":"2025-10-17T12:49:11","date_gmt":"2025-10-17T12:49:11","guid":{"rendered":"https:\/\/www.europesays.com\/de\/505827\/"},"modified":"2025-10-17T12:49:11","modified_gmt":"2025-10-17T12:49:11","slug":"musikverein-edelweiss-laedt-zum-jubilaeumskonzert-ein-woerth","status":"publish","type":"post","link":"https:\/\/www.europesays.com\/de\/505827\/","title":{"rendered":"Musikverein Edelwei\u00df l\u00e4dt zum Jubil\u00e4umskonzert ein &#8211; W\u00f6rth"},"content":{"rendered":"<p><b\/> Der Musikverein Edelwei\u00df feiert in diesem Jahr sein 100-j\u00e4hriges Bestehen. Aus diesem Anlass hat der Verein bereits mehrere Veranstaltungen organisiert. So gab es im M\u00e4rz ein Benefizkonzert mit dem Polizeimusikkorps. Der Erl\u00f6s des Konzertes in H\u00f6he von 1920 Euro wurde vor wenigen Tagen bei der Jugendmatinee an die sechs Kitas im Ortsbezirk <a class=\"rtr-entity\" data-rtr-entity=\"W\u00f6rth\" data-rtr-id=\"c68b4afdf45a0ab361d35b4a6813e0800f76b867\" data-rtr-score=\"21.904394757131843\" data-rtr-etype=\"location\" data-rtr-index=\"11\" href=\"https:\/\/www.rheinpfalz.de\/themen\/woerth-am-rhein?utm_source=rheinpfalz.de&amp;utm_medium=tms&amp;utm_campaign=intext\" target=\"_blank\" rel=\"noopener\">W\u00f6rth<\/a> \u00fcbergeben. Edelwei\u00df-Vorsitzende Sabine Heimbach und Kassenwart Bernd D\u00fcbon \u00fcberreichten den Scheck symbolisch an Pfarrer Andreas Pfautsch f\u00fcr die drei evangelischen Kitas und an Ortsvorsteher Helmut Wesper f\u00fcr die st\u00e4dtische Abtswald-Kita, die ihn dankbar annahmen. Von den zwei katholischen Kitas war an diesem Tag niemand anwesend.<\/p>\n<p>Jetzt steht bereits das n\u00e4chste gro\u00dfe Event vor der T\u00fcr. Unter dem Titel \u201eEin Jahrhundert voller T\u00f6ne\u201c l\u00e4dt der Musikverein Edelwei\u00df zur Jubil\u00e4umsveranstaltung am Samstag, 8. November, um 19 Uhr in die Festhalle ein. Gemeinsam mit der Bev\u00f6lkerung soll dieses bedeutende Ereignis feierlich begangen werden mit Musik des aktiven Orchesters, einem R\u00fcckblick auf 100 Jahre Vereinsgeschichte, Gru\u00dfworte und Ehrungen sowie kulinarischen H\u00e4ppchen und Getr\u00e4nken. Alle B\u00fcrgerinnen und B\u00fcrger, Musikfreunde und Vereinsvertreter sind eingeladen, an dieser besonderen Jubil\u00e4umsveranstaltung teilzunehmen. jopa<\/p>\n","protected":false},"excerpt":{"rendered":"Der Musikverein Edelwei\u00df feiert in diesem Jahr sein 100-j\u00e4hriges Bestehen. Aus diesem Anlass hat der Verein bereits mehrere&hellip;\n","protected":false},"author":2,"featured_media":505828,"comment_status":"","ping_status":"","sticky":false,"template":"","format":"standard","meta":{"footnotes":""},"categories":[1844],"tags":[1634,5712,126271,3364,29,30,8903,4060,61332,81875,26148],"class_list":{"0":"post-505827","1":"post","2":"type-post","3":"status-publish","4":"format-standard","5":"has-post-thumbnail","7":"category-karlsruhe","8":"tag-baden-wuerttemberg","9":"tag-benefizkonzert","10":"tag-bernd-duebon","11":"tag-de","12":"tag-deutschland","13":"tag-germany","14":"tag-karlsruhe","15":"tag-lokal","16":"tag-musikverein","17":"tag-sabine-heimbach","18":"tag-woerth"},"share_on_mastodon":{"url":"https:\/\/pubeurope.com\/@de\/115389593573861665","error":""},"_links":{"self":[{"href":"https:\/\/www.europesays.com\/de\/wp-json\/wp\/v2\/posts\/505827","targetHints":{"allow":["GET"]}}],"collection":[{"href":"https:\/\/www.europesays.com\/de\/wp-json\/wp\/v2\/posts"}],"about":[{"href":"https:\/\/www.europesays.com\/de\/wp-json\/wp\/v2\/types\/post"}],"author":[{"embeddable":true,"href":"https:\/\/www.europesays.com\/de\/wp-json\/wp\/v2\/users\/2"}],"replies":[{"embeddable":true,"href":"https:\/\/www.europesays.com\/de\/wp-json\/wp\/v2\/comments?post=505827"}],"version-history":[{"count":0,"href":"https:\/\/www.europesays.com\/de\/wp-json\/wp\/v2\/posts\/505827\/revisions"}],"wp:featuredmedia":[{"embeddable":true,"href":"https:\/\/www.europesays.com\/de\/wp-json\/wp\/v2\/media\/505828"}],"wp:attachment":[{"href":"https:\/\/www.europesays.com\/de\/wp-json\/wp\/v2\/media?parent=505827"}],"wp:term":[{"taxonomy":"category","embeddable":true,"href":"https:\/\/www.europesays.com\/de\/wp-json\/wp\/v2\/categories?post=505827"},{"taxonomy":"post_tag","embeddable":true,"href":"https:\/\/www.europesays.com\/de\/wp-json\/wp\/v2\/tags?post=505827"}],"curies":[{"name":"wp","href":"https:\/\/api.w.org\/{rel}","templated":true}]}}