{"id":505838,"date":"2025-10-17T12:55:13","date_gmt":"2025-10-17T12:55:13","guid":{"rendered":"https:\/\/www.europesays.com\/de\/505838\/"},"modified":"2025-10-17T12:55:13","modified_gmt":"2025-10-17T12:55:13","slug":"relativ-wenige-baustellen-in-wuppertal","status":"publish","type":"post","link":"https:\/\/www.europesays.com\/de\/505838\/","title":{"rendered":"Relativ wenige Baustellen in Wuppertal"},"content":{"rendered":"<p class=\"small date article__date\">Ver\u00f6ffentlicht:\u00a0Freitag, 17.10.2025 14:43<\/p>\n<p>In Wuppertal wird vergleichsweise wenig an den Stra\u00dfen gebaut. Das hat eine Erhebung eines Anbieters f\u00fcr Auto-Abos ergeben. Unter den 34 gr\u00f6\u00dften St\u00e4dten in Deutschland landen wir mit 23 aktiven Baustellen auf Platz 30.Spitzenreiter in Deutschland ist Bremen. Da gibt es \u00fcber 340 aktive Baustellen auf den Stra\u00dfen, gefolgt von Frankfurt am Main und Leipzig. Vergleicht man die Anzahl der Baustellen mit der Stadtfl\u00e4che steigt Wuppertal allerdings auf Platz 26. Bezogen auf die Fl\u00e4che liegt Karlsruhe auf dem ersten Platz. Zu der Dauer der Baustellen kann das Portal keine Auskunft geben &#8211; die Stadt stellt demnach keine Daten zu Beginn und Ende ihrer Baustellen zur Verf\u00fcgung.<\/p>\n<p><img decoding=\"async\" alt=\"\" src=\"https:\/\/www.europesays.com\/de\/wp-content\/uploads\/2025\/10\/baustelle-3.jpg&#038;crop=0x252x4032x2520&#038;resize=1280x800&#038;dt=202509300929310.jpeg\" data-size=\"1280x800\"\/>\u00a9 Radio Wuppertal<\/p>\n","protected":false},"excerpt":{"rendered":"Ver\u00f6ffentlicht:\u00a0Freitag, 17.10.2025 14:43 In Wuppertal wird vergleichsweise wenig an den Stra\u00dfen gebaut. Das hat eine Erhebung eines Anbieters&hellip;\n","protected":false},"author":2,"featured_media":505839,"comment_status":"","ping_status":"","sticky":false,"template":"","format":"standard","meta":{"footnotes":""},"categories":[1840],"tags":[3275,3364,29,30,1209,4418],"class_list":{"0":"post-505838","1":"post","2":"type-post","3":"status-publish","4":"format-standard","5":"has-post-thumbnail","7":"category-wuppertal","8":"tag-lokalnachrichten","9":"tag-de","10":"tag-deutschland","11":"tag-germany","12":"tag-nordrhein-westfalen","13":"tag-wuppertal"},"share_on_mastodon":{"url":"https:\/\/pubeurope.com\/@de\/115389617542920429","error":""},"_links":{"self":[{"href":"https:\/\/www.europesays.com\/de\/wp-json\/wp\/v2\/posts\/505838","targetHints":{"allow":["GET"]}}],"collection":[{"href":"https:\/\/www.europesays.com\/de\/wp-json\/wp\/v2\/posts"}],"about":[{"href":"https:\/\/www.europesays.com\/de\/wp-json\/wp\/v2\/types\/post"}],"author":[{"embeddable":true,"href":"https:\/\/www.europesays.com\/de\/wp-json\/wp\/v2\/users\/2"}],"replies":[{"embeddable":true,"href":"https:\/\/www.europesays.com\/de\/wp-json\/wp\/v2\/comments?post=505838"}],"version-history":[{"count":0,"href":"https:\/\/www.europesays.com\/de\/wp-json\/wp\/v2\/posts\/505838\/revisions"}],"wp:featuredmedia":[{"embeddable":true,"href":"https:\/\/www.europesays.com\/de\/wp-json\/wp\/v2\/media\/505839"}],"wp:attachment":[{"href":"https:\/\/www.europesays.com\/de\/wp-json\/wp\/v2\/media?parent=505838"}],"wp:term":[{"taxonomy":"category","embeddable":true,"href":"https:\/\/www.europesays.com\/de\/wp-json\/wp\/v2\/categories?post=505838"},{"taxonomy":"post_tag","embeddable":true,"href":"https:\/\/www.europesays.com\/de\/wp-json\/wp\/v2\/tags?post=505838"}],"curies":[{"name":"wp","href":"https:\/\/api.w.org\/{rel}","templated":true}]}}