{"id":505848,"date":"2025-10-17T13:02:13","date_gmt":"2025-10-17T13:02:13","guid":{"rendered":"https:\/\/www.europesays.com\/de\/505848\/"},"modified":"2025-10-17T13:02:13","modified_gmt":"2025-10-17T13:02:13","slug":"israel-fussball-fans-in-grossbritannien-ausgeschlossen-ex-geisel-uebt-kritik","status":"publish","type":"post","link":"https:\/\/www.europesays.com\/de\/505848\/","title":{"rendered":"Israel: Fu\u00dfball-Fans in Gro\u00dfbritannien ausgeschlossen \u2013 Ex-Geisel \u00fcbt Kritik"},"content":{"rendered":"<p>Aus Sicherheitsgr\u00fcnden d\u00fcrfen Fans des israelischen Klubs Maccabi Tel Aviv das Europa-League-Spiel bei Aston Villa nicht besuchen. Gro\u00dfbritanniens Premierminister Keir Starmer kritisiert den Ausschluss. \u201eWas ist aus Gro\u00dfbritannien geworden?\u201c, fragt eine ehemalige israelische Geisel.<\/p>\n<p class=\"is-first-paragraph\" data-external=\"Article.FirstParagraph\">Die im Januar aus der Gefangenschaft der islamistischen Hamas entlassene ehemalige israelische Geisel Emily Damari hat die Entscheidung \u00fcber den Ausschluss der Fu\u00dfballfans von Maccabi Tel Aviv vom Europacup-Spiel bei Aston Villa scharf kritisiert. \u201eIch bin zutiefst schockiert \u00fcber diese unerh\u00f6rte Entscheidung, mir, meiner Familie und meinen Freunden den Besuch eines Aston-Villa-Spiels in Gro\u00dfbritannien zu verbieten\u201c, schrieb die Frau, die sich als eingefleischter Maccabi-Fan bezeichnete, auf der Plattform X.<\/p>\n<p>Fu\u00dfball bringe Menschen unabh\u00e4ngig von ihrem Glauben, ihrer Hautfarbe oder Religion zusammen, so Damari, die auch die britische Staatsangeh\u00f6rigkeit besitzt. \u201eDiese widerliche Entscheidung bewirkt genau das Gegenteil. Sch\u00e4mt euch!\u201c Es sei, als w\u00fcrde man ein gro\u00dfes Schild an ein Stadion h\u00e4ngen, auf dem stehe \u201eJuden verboten!\u201c, schrieb Damari und fragte: \u201eWas ist aus Gro\u00dfbritannien geworden, wo unverhohlener Antisemitismus zur Normalit\u00e4t geworden ist? Was f\u00fcr eine traurige Welt, in der wir leben.\u201c<\/p>\n<p>Fans von Maccabi Tel Aviv d\u00fcrfen aus Sicherheitsgr\u00fcnden nicht das Europa-League-Spiel am 6. November bei Aston Villa besuchen. Die Anweisung dazu sei von der f\u00fcr die Ausstellung von Sicherheitszertifikaten f\u00fcr jedes Spiel im Villa Park verantwortlichen Sicherheitsberatungsgruppe (SAG) gekommen, teilte der englische Premier-League-Klub mit.<\/p>\n<p>Der Verein sowie die Europ\u00e4ische Fu\u00dfball-Union Uefa seien am Nachmittag von der Entscheidung informiert worden, dass keine Ausw\u00e4rtsfans zugelassen werden. Die Polizei der West Midlands habe demnach Bedenken hinsichtlich der \u00f6ffentlichen Sicherheit au\u00dferhalb des Stadions, da mit m\u00f6glichen Protesten zu rechnen sei.<\/p>\n<p>Gro\u00dfbritanniens <a class=\"is-link c-block-items__link c-link--rich-text-renderer\" href=\"https:\/\/www.welt.de\/politik\/ausland\/plus68d36d834a958e24fe6bfea4\/Grossbritannien-Vom-Hoffnungstraeger-zur-belasteten-Figur-Warum-die-Briten-mit-Starmer-fremdeln.html\" data-internal-tracking-enabled=\"true\" data-internal-tracking=\"{&quot;action&quot;:&quot;click&quot;,&quot;label&quot;:&quot;link&quot;,&quot;name&quot;:&quot;Inline Element&quot;,&quot;data&quot;:{&quot;source&quot;:&quot;&quot;,&quot;target&quot;:&quot;https:\/\/www.welt.de\/politik\/ausland\/plus68d36d834a958e24fe6bfea4\/Grossbritannien-Vom-Hoffnungstraeger-zur-belasteten-Figur-Warum-die-Briten-mit-Starmer-fremdeln.html&quot;,&quot;trackingName&quot;:&quot;&quot;,&quot;trackingLabel&quot;:&quot;&quot;}}\" target=\"_blank\" rel=\"noopener\">Premierminister Keir Starmer<\/a> kritisierte den Ausschluss. \u201eDas ist die falsche Entscheidung\u201c, schrieb der 63 Jahre alte Politiker beim Portal X. \u201eWir werden Antisemitismus auf unseren Stra\u00dfen nicht tolerieren.\u201c Aufgabe der Polizei sei es, \u201edaf\u00fcr zu sorgen, dass alle Fu\u00dfballfans das Spiel genie\u00dfen k\u00f6nnen, ohne Angst vor Gewalt oder Einsch\u00fcchterung haben zu m\u00fcssen.\u201c<\/p>\n<p>Geraint Ellis, Starmers Sprecher, erkl\u00e4rte, dass der Premierminister \u00fcber den Ausschluss \u201ever\u00e4rgert\u201c sei. Die Regierung arbeite mit Hochdruck daran, die Entscheidung r\u00fcckg\u00e4ngig zu machen. Ellis sagte, dass es ein Treffen zwischen hochrangigen Beamte und der Polizei geben werde.<\/p>\n<p>Die Regierung werde \u201ealles in ihrer Macht Stehende tun, um dieses Problem zu l\u00f6sen\u201c, sagte Ian Murray, Staatsminister im Ministerium f\u00fcr Kultur, Medien und Sport, zuvor. Er erkl\u00e4rte, Kulturstaatssekret\u00e4rin Lisa Nandy werde \u201esich heute mit dem Innenministerium und anderen Beteiligten treffen, um zu versuchen, eine L\u00f6sung zu finden\u201c.<\/p>\n<p>\u201eDie Sicherheit steht bei allen Entscheidungen an erster Stelle\u201c<\/p>\n<p>Die Uefa verwies auf die Zust\u00e4ndigkeit der lokalen Beh\u00f6rden. \u201eDie Uefa m\u00f6chte, dass die Fans in einer sicheren und einladenden Umgebung reisen und ihre Mannschaft unterst\u00fctzen k\u00f6nnen\u201c, hie\u00df es in einer Stellungnahme. Deshalb seien Klubs und die zust\u00e4ndigen Beh\u00f6rden aufgerufen, sich auf die Umsetzung geeigneter Ma\u00dfnahmen zu einigen, um dies zu erm\u00f6glichen.<\/p>\n<p>In der Stellungnahme von Aston Villa, hei\u00dft es: \u201eDer Verein steht w\u00e4hrend des gesamten Prozesses im st\u00e4ndigen Dialog mit Maccabi Tel Aviv und den lokalen Beh\u00f6rden. Die Sicherheit der Fans und der Anwohner steht bei allen Entscheidungen an erster Stelle.\u201c<\/p>\n<p>Im Fu\u00dfball, <a class=\"is-link c-block-items__link c-link--rich-text-renderer\" href=\"https:\/\/www.welt.de\/sport\/article68e8a692daea3e0002fb531d\/turn-weltmeisterschaft-einreise-verweigert-indonesien-schliesst-israel-von-wm-aus.html\" data-internal-tracking-enabled=\"true\" data-internal-tracking=\"{&quot;action&quot;:&quot;click&quot;,&quot;label&quot;:&quot;link&quot;,&quot;name&quot;:&quot;Inline Element&quot;,&quot;data&quot;:{&quot;source&quot;:&quot;&quot;,&quot;target&quot;:&quot;https:\/\/www.welt.de\/sport\/article68e8a692daea3e0002fb531d\/turn-weltmeisterschaft-einreise-verweigert-indonesien-schliesst-israel-von-wm-aus.html&quot;,&quot;trackingName&quot;:&quot;&quot;,&quot;trackingLabel&quot;:&quot;&quot;}}\" target=\"_blank\" rel=\"noopener\">aber auch in anderen Sportarten<\/a> gab es zuletzt immer wieder propal\u00e4stinensische Proteste bei Sportereignissen mit israelischer Beteiligung. Hintergrund ist das israelische Vorgehen im Gazastreifen. Auch nach der Vereinbarung zwischen Israel und der islamistischen Terrororganisation Hamas zu einem Waffenstillstand haben sich die Wogen nicht g\u00e4nzlich gegl\u00e4ttet.<\/p>\n<p>dpa\/AP\/mel<\/p>\n","protected":false},"excerpt":{"rendered":"Aus Sicherheitsgr\u00fcnden d\u00fcrfen Fans des israelischen Klubs Maccabi Tel Aviv das Europa-League-Spiel bei Aston Villa nicht besuchen. Gro\u00dfbritanniens&hellip;\n","protected":false},"author":2,"featured_media":505849,"comment_status":"","ping_status":"","sticky":false,"template":"","format":"standard","meta":{"footnotes":""},"categories":[3976],"tags":[331,332,712,1000,13,411,116795,14,15,12,3992,3993,3994,3995,3996,3997],"class_list":{"0":"post-505848","1":"post","2":"type-post","3":"status-publish","4":"format-standard","5":"has-post-thumbnail","7":"category-vereinigtes-koenigreich","8":"tag-aktuelle-nachrichten","9":"tag-aktuelle-news","10":"tag-antisemitismus","11":"tag-gewalt","12":"tag-headlines","13":"tag-israel","14":"tag-maccabi-tel-aviv","15":"tag-nachrichten","16":"tag-news","17":"tag-schlagzeilen","18":"tag-uk","19":"tag-united-kingdom","20":"tag-united-kingdom-of-great-britain-and-northern-ireland","21":"tag-vereinigtes-koenigreich","22":"tag-vereinigtes-koenigreich-grossbritannien-und-nordirland","23":"tag-vereinigtes-koenigreich-von-grossbritannien-und-nordirland"},"share_on_mastodon":{"url":"https:\/\/pubeurope.com\/@de\/115389644645670057","error":""},"_links":{"self":[{"href":"https:\/\/www.europesays.com\/de\/wp-json\/wp\/v2\/posts\/505848","targetHints":{"allow":["GET"]}}],"collection":[{"href":"https:\/\/www.europesays.com\/de\/wp-json\/wp\/v2\/posts"}],"about":[{"href":"https:\/\/www.europesays.com\/de\/wp-json\/wp\/v2\/types\/post"}],"author":[{"embeddable":true,"href":"https:\/\/www.europesays.com\/de\/wp-json\/wp\/v2\/users\/2"}],"replies":[{"embeddable":true,"href":"https:\/\/www.europesays.com\/de\/wp-json\/wp\/v2\/comments?post=505848"}],"version-history":[{"count":0,"href":"https:\/\/www.europesays.com\/de\/wp-json\/wp\/v2\/posts\/505848\/revisions"}],"wp:featuredmedia":[{"embeddable":true,"href":"https:\/\/www.europesays.com\/de\/wp-json\/wp\/v2\/media\/505849"}],"wp:attachment":[{"href":"https:\/\/www.europesays.com\/de\/wp-json\/wp\/v2\/media?parent=505848"}],"wp:term":[{"taxonomy":"category","embeddable":true,"href":"https:\/\/www.europesays.com\/de\/wp-json\/wp\/v2\/categories?post=505848"},{"taxonomy":"post_tag","embeddable":true,"href":"https:\/\/www.europesays.com\/de\/wp-json\/wp\/v2\/tags?post=505848"}],"curies":[{"name":"wp","href":"https:\/\/api.w.org\/{rel}","templated":true}]}}