{"id":505856,"date":"2025-10-17T13:06:11","date_gmt":"2025-10-17T13:06:11","guid":{"rendered":"https:\/\/www.europesays.com\/de\/505856\/"},"modified":"2025-10-17T13:06:11","modified_gmt":"2025-10-17T13:06:11","slug":"eu-terminvorschau-vom-17-bis-25-oktober","status":"publish","type":"post","link":"https:\/\/www.europesays.com\/de\/505856\/","title":{"rendered":"EU-Terminvorschau vom 17. bis 25. Oktober"},"content":{"rendered":"<p class=\"date\">17.10.2025 \u2013 14:29<\/p>\n<p class=\"customer\">\n                        <a class=\"story-customer\" title=\"weiter zum newsroom von Europ\u00e4ische Kommission\" href=\"https:\/\/www.presseportal.de\/nr\/35368\" target=\"_blank\" rel=\"noopener\">Europ\u00e4ische Kommission<\/a>\n                    <\/p>\n<p><a data-category=\"citylink-story-view\" data-action=\"click\" data-label=\"Citylink in Meldungsansicht\" class=\"story-city event-trigger\" href=\"https:\/\/www.presseportal.de\/regional\/Berlin\" title=\"News aus Berlin \" target=\"_blank\" rel=\"noopener\">Berlin<\/a> (ots)<\/p>\n<p>Die EU-Terminvorschau ist ein Service der Vertretungen der EU-Kommission in Deutschland f\u00fcr Journalistinnen und Journalisten. Sie k\u00fcndigt vor allem Termine der EU-Kommission, des Europ\u00e4ischen Parlaments, des Rates der Europ\u00e4ischen Union und des Europ\u00e4ischen Gerichtshofes mit besonderer Bedeutung f\u00fcr Deutschland an. Kurzfristige \u00c4nderungen sind m\u00f6glich.<\/p>\n<p><b>Freitag, 17. Oktober<\/b><\/p>\n<p><b>Frankfurt am Main: EU-Stand auf Frankfurter Buchmesse und Podiumsdiskussion mit Renate Nikolay (stellv. Generaldirektorin DG CNECT) zu Deepfakes<\/b><\/p>\n<p> Die EU ist auch in diesem Jahr mit einem eigenen Stand auf der Frankfurter Buchmesse vertreten. Das EU-Programm Creative Europe pr\u00e4sentiert Workshops, Gespr\u00e4che und mehr als 20 EU-gef\u00f6rderte Projekte zu aktuellen Herausforderungen der europ\u00e4ischen Buch- und Medienbranche. Ab Freitag \u00fcbernimmt die Kommissionsvertretung und das Verbindungsb\u00fcros des Europ\u00e4ischen Parlaments in Deutschland gemeinsam mit den Europe Direct-Zentren aus  <a target=\"_blank\" class=\"uri-ext outbound\" rel=\"noopener\" href=\"https:\/\/rp-darmstadt.hessen.de\/ueber-uns\/europe-direct-darmstadt\">Darmstadt<\/a> und vom  <a target=\"_blank\" class=\"uri-ext outbound\" rel=\"noopener\" href=\"https:\/\/www.kreis-offenbach.de\/europa\">Relais Rhein-Main<\/a> den EU-Stand (Halle 4.1, Stand B35). Besucher und Besucherinnen erwarten interaktive Formate, darunter das Online-Spiel Fabulous Council, das Pixi-Buch &#8220; <a target=\"_blank\" class=\"uri-ext outbound\" rel=\"noopener\" href=\"https:\/\/germany.representation.ec.europa.eu\/pixi-buch-wir-halten-zusammen_de\">Gemeinsam geht es besser<\/a>&#8220; sowie ein EU-Gl\u00fccksrad. Von 14.00 bis 14.45 Uhr diskutiert zudem Renate Nikolay, stellvertretende Generaldirektorin der GD CNECT, \u00fcber &#8222;T\u00e4uschend echt &#8211; Deepfakes: Auswege im Kampf um die Wirklichkeit&#8220; auf einer Podiumsdiskussion auf der Center Stage (Halle 4.1 B68). Weitere Informationen zur Teilnahme und zum Gesamtprogramm finden Sie auf den Seiten der  <a target=\"_blank\" class=\"uri-ext outbound\" rel=\"noopener\" href=\"https:\/\/www.buchmesse.de\">Frankfurter Buchmesse<\/a> und des  <a target=\"_blank\" class=\"uri-ext outbound\" rel=\"noopener\" href=\"https:\/\/www.boersenverein.de\/\">B\u00f6rsenvereins des Deutschen Buchhandels<\/a>. <\/p>\n<p><b>M\u00fcnchen: EUDIS Hackathon 2025 (bis 19. Oktober)<\/b><\/p>\n<p> Der EUDIS Hackathon 2025 wird zeitgleich an acht Standorten in Europa ausgetragen, darunter Italien, Deutschland, Spanien, die Niederlande, Rum\u00e4nien, Tschechien, Polen und Portugal. Die deutsche Ausgabe wird in M\u00fcnchen organisiert, zudem ist eine Online-Teilnahme m\u00f6glich. In Deutschland wird der Hackathon von Bayern Innovativ durchgef\u00fchrt und konzentriert sich auf Herausforderungen in den Bereichen Verteidigung und Raumfahrt, wie den Schutz von Weltraumressourcen, die Nutzung der Raumfahrt f\u00fcr Verteidigungszwecke und die Entwicklung souver\u00e4ner Luftfahrtsysteme wie UAVs. Das Konzept des Hackathons sieht vor, Studierende und junge Absolventen (ab 18 Jahren, ohne Altersobergrenze) in Teams arbeiten zu lassen, um vordefinierte Herausforderungen zu l\u00f6sen. Die Teilnehmer konkurrieren um Mentoring-M\u00f6glichkeiten zur Weiterentwicklung ihrer Projekte sowie um gesponserte Preise. Die besten Teams jedes Standorts treten auf EU-Ebene gegeneinander an. Eine Jury aus Experten und Investoren bestimmt die drei Gewinner, die ihr Projekt auf einer relevanten Veranstaltung vorstellen k\u00f6nnen. Wolfgang B\u00fccherl, Leiter der EU-Kommissionsvertretung in M\u00fcnchen, wird bei der Preisverleihung anwesend sein. Die Teilnahme steht allen offen und ist nicht nur auf Programmierer beschr\u00e4nkt. Teams ben\u00f6tigen Designer, Strategen, Gesch\u00e4ftsleute und kreative K\u00f6pfe, um die vielf\u00e4ltigen Aufgaben zu l\u00f6sen. Registrierung unter  <a target=\"_blank\" class=\"uri-ext outbound\" rel=\"noopener\" href=\"http:\/\/www.eudis-hackathon.eu\">www.eudis-hackathon.eu<\/a>. Die Teilnahme ist kostenlos f\u00fcr B\u00fcrgerinnen und B\u00fcrger der EU-Mitgliedstaaten, Norwegen und der Ukraine. <\/p>\n<p><b>Luxemburg: Rat f\u00fcr Besch\u00e4ftigung, Sozialpolitik, Gesundheit und Verbraucherschutz<\/b><\/p>\n<p> Die Ministerinnen und Minister beraten \u00fcber Ma\u00dfnahmen zur Bek\u00e4mpfung von Gewalt gegen Frauen und h\u00e4uslicher Gewalt. Geplant ist die Annahme von Schlussfolgerungen mit Schwerpunkt auf Pr\u00e4vention, Fr\u00fcherkennung und Intervention. Weitere Themen sind die Bek\u00e4mpfung von Hass, Diskriminierung und Gewalt gegen LGBTIQ-Personen sowie die soziale Inklusion von Menschen mit Behinderungen. Der Rat wird voraussichtlich Schlussfolgerungen zur F\u00f6rderung selbstbestimmten Lebens verabschieden. Zudem werden die Mitgliedstaaten \u00fcber den Fortschritt und k\u00fcnftige Schwerpunkte der EU-Strategie f\u00fcr die Rechte von Menschen mit Behinderungen (2021-2030) beraten &#8211; etwa zu Barrierefreiheit und gleichberechtigtem Zugang zu Produkten und Dienstleistungen.  <a target=\"_blank\" class=\"uri-ext outbound\" rel=\"noopener\" href=\"https:\/\/audiovisual.ec.europa.eu\/en\/ebs\/grid?ebs=yes&amp;ebsplus=yes&amp;date=20251017\">EBS+ \u00fcbertr\u00e4gt die abschlie\u00dfende Pressekonferenz ab 16.30 Uhr live<\/a>. <\/p>\n<p><b>Sonntag, 19. Oktober<\/b><\/p>\n<p><b>Luxemburg: EU-Irak Kooperationsrat <\/b><\/p>\n<p> Die Tagung wird von der Hohen Vertreterin der EU f\u00fcr Au\u00dfen- und Sicherheitspolitik, Kaja Kallas, geleitet. Die Delegation des Irak wird vom irakischen stellvertretenden Ministerpr\u00e4sidenten und Au\u00dfenminister Fuad Hussein geleitet. Die beiden Seiten beraten \u00fcber die Zusammenarbeit in den Bereichen Migration, Demokratie und Menschenrechte, Entwicklungszusammenarbeit, Handel und Energie. Au\u00dferdem werden aktuelle Entwicklungen im Irak und in der EU sowie regionale und sicherheitspolitische Fragen er\u00f6rtert. Weitere Informationen  <a target=\"_blank\" class=\"uri-ext outbound\" rel=\"noopener\" href=\"https:\/\/www.consilium.europa.eu\/de\/meetings\/international-ministerial-meetings\/2025\/10\/19\/\">hier.<\/a><\/p>\n<p><b>Montag, 20. Oktober<\/b><\/p>\n<p><b>M\u00fcnchen: RAY DAY 2025 &#8211; Europ\u00e4ische Werte st\u00e4rken<\/b><\/p>\n<p> Das Forschungsnetzwerk RAY (&#8222;Research-based Analysis of Erasmus+ Youth and the European Solidarity Corps&#8220;) stellt aktuelle Ergebnisse zur Wirkung der EU-Jugendprogramme Erasmus+ und Europ\u00e4isches Solidarit\u00e4tskorps vor. Im Mittelpunkt stehen zentrale Ergebnisse und Empfehlungen f\u00fcr zuk\u00fcnftige Generationen. Zeit: 16.00-17.30 Uhr, anschlie\u00dfend Empfang, Ort: Europ\u00e4isches Patentamt, Bob-van-Benthem-Platz 1, 80469 M\u00fcnchen. Kontakt: Eva Feldmann-Wojtachnia,  <a target=\"_blank\" class=\"uri-ext outbound\" rel=\"noopener\" href=\"https:\/\/www.presseportal.de\/pm\/35368\/mailto:feldmann@fgje.de\">feldmann@fgje.de<\/a>. Anmeldung bis 16. Oktober 2025  <a target=\"_blank\" class=\"uri-ext outbound\" rel=\"noopener\" href=\"https:\/\/fgje.de\/anmeldung\">hier<\/a>. <\/p>\n<p><b>Portoroz\/Slowenien: Kommissionspr\u00e4sidentin Ursula von der Leyen beim MED9-Gipfel<\/b><\/p>\n<p> Kommissionspr\u00e4sidentin Ursula von der Leyen nimmt am MED9-Gipfel der Staats- und Regierungschefs der s\u00fcdeurop\u00e4ischen EU-Mitgliedstaaten teil. Gastgeber ist der slowenische Premierminister Robert Golob; als besonderer Gast wird auch Jordaniens K\u00f6nig Abdullah II. erwartet. Im Mittelpunkt der Gespr\u00e4che stehen aktuelle Herausforderungen in der Mittelmeerregion, insbesondere die Lage im Nahen Osten und in Gaza, sowie Fragen zur europ\u00e4ischen Wettbewerbsf\u00e4higkeit. Zum Abschluss des Treffens ist eine gemeinsame Pressekonferenz der Teilnehmerinnen und Teilnehmer vorgesehen. Weitere Informationen auf der  <a target=\"_blank\" class=\"uri-ext outbound\" rel=\"noopener\" href=\"https:\/\/www.gov.si\/en\/events\/2025-10-19-med9-leaders-summit\/?utm_source=chatgpt.com\">Website der slowenischen Regierung<\/a><b>.<\/b><\/p>\n<p><b>Stra\u00dfburg: Plenartagung des Europ\u00e4ischen Parlaments (bis 23. Oktober)<\/b><\/p>\n<p> Zum Auftakt der Plenartagung stehen  <a target=\"_blank\" class=\"uri-ext outbound\" rel=\"noopener\" href=\"https:\/\/www.europarl.europa.eu\/doceo\/document\/OJQ-10-2025-10-20_EN.html\">laut vorl\u00e4ufiger Agenda<\/a> Redebeitr\u00e4ge der Fraktionen anl\u00e4sslich des Internationalen Tags der Beseitigung der Armut auf dem Programm. Die Abgeordneten befassen sich anschlie\u00dfend mit der Entscheidung der Kommission \u00fcber eine Geldbu\u00dfe gegen Google sowie mit Fragen zur Pressefreiheit in der EU. Ein weiterer Schwerpunkt liegt auf der Chemikalienpolitik: Berichte zum Monitoring und zu den Aufgaben der Europ\u00e4ischen Chemikalienagentur stehen zur Abstimmung. EBS+ \u00fcbertr\u00e4gt  <a target=\"_blank\" class=\"uri-ext outbound\" rel=\"noopener\" href=\"https:\/\/audiovisual.ec.europa.eu\/de\/ebs\/grid?ebs=yes&amp;ebsplus=yes&amp;date=20251020\">live<\/a>. <\/p>\n<p><b>Luxemburg: Rat f\u00fcr Ausw\u00e4rtige Angelegenheiten<\/b><\/p>\n<p> Die Au\u00dfenministerinnen und Au\u00dfenminister beraten laut  <a target=\"_blank\" class=\"uri-ext outbound\" rel=\"noopener\" href=\"https:\/\/data.consilium.europa.eu\/doc\/document\/CM-4323-2025-INIT\/en\/pdf\">vorl\u00e4ufiger Tagesordnung<\/a> \u00fcber die russische Aggression gegen die Ukraine, einschlie\u00dflich einer informellen Aussprache mit dem ukrainischen Au\u00dfenminister Andrii Sybiha, sowie \u00fcber die Beziehungen der EU zum indopazifischen Raum. Zudem stehen die Lage im Nahen Osten und aktuelle au\u00dfenpolitische Entwicklungen auf der Tagesordnung, insbesondere in Bezug auf Sudan, Moldau und Georgien. Dar\u00fcber hinaus werden die Ministerinnen und Minister \u00fcber die Beziehungen zwischen der EU und der Gemeinschaft der Lateinamerikanischen und Karibischen Staaten (EU-CELAC) sowie \u00fcber den bevorstehenden OSZE-Ministerrat in Wien informiert. Die anschlie\u00dfende Pressekonferenz mit der Hohen Vertreterin der EU f\u00fcr Au\u00dfen- und Sicherheitspolitik, Kaja Kallas, wird ab 14.45 Uhr live auf  <a target=\"_blank\" class=\"uri-ext outbound\" rel=\"noopener\" href=\"https:\/\/audiovisual.ec.europa.eu\/de\/ebs\/grid?ebs=yes&amp;ebsplus=yes&amp;date=20251020\">EBS<\/a> \u00fcbertragen. Weitere Informationen  <a target=\"_blank\" class=\"uri-ext outbound\" rel=\"noopener\" href=\"https:\/\/www.consilium.europa.eu\/de\/meetings\/fac\/2025\/10\/20\/\">hier<\/a>. <\/p>\n<p><b>Luxemburg: Rat f\u00fcr Verkehr, Telekommunikation und Energie (Thema: Energie)<\/b><\/p>\n<p> Die f\u00fcr Energie zust\u00e4ndigen Ministerinnen und -minister kommen zusammen, um laut  <a target=\"_blank\" class=\"uri-ext outbound\" rel=\"noopener\" href=\"https:\/\/www.consilium.europa.eu\/de\/meetings\/tte\/2025\/10\/20\/\">vorl\u00e4ufiger Agenda<\/a> u.a. \u00fcber die  <a target=\"_blank\" class=\"uri-ext outbound\" rel=\"noopener\" href=\"https:\/\/commission.europa.eu\/topics\/energy\/repowereu_de\">REPowerEU-Verordnung<\/a> zu beraten. Ziel ist es, sich auf eine allgemeine Ausrichtung zu dem Kommissionsvorschlag zu einigen, mit dem die letzten Gas- und \u00d6limporte aus Russland schrittweise eingestellt werden sollen, bevor ab dem 1. Januar 2028 ein vollst\u00e4ndiges Verbot gilt. Weitere Themen sind die Elektrifizierung als Treiber einer wettbewerbsf\u00e4higen und sauberen Energiewende, sowie Energieversorgungssicherheit und -resilienz in der Ukraine und Moldau. Im Anschluss findet ab 17.30 Uhr eine Pressekonferenz statt, die live auf  <a target=\"_blank\" class=\"uri-ext outbound\" rel=\"noopener\" href=\"https:\/\/audiovisual.ec.europa.eu\/de\/ebs\/grid?ebs=yes&amp;ebsplus=yes&amp;date=20251020\">EBS<\/a> \u00fcbertragen wird. Weitere Informationen  <a target=\"_blank\" class=\"uri-ext outbound\" rel=\"noopener\" href=\"https:\/\/www.consilium.europa.eu\/en\/meetings\/tte\/2025\/10\/20\/\">hier.<\/a><\/p>\n<p><b>Dienstag, 21. Oktober<\/b><\/p>\n<p><b>Stra\u00dfburg: W\u00f6chentliche Sitzung der Europ\u00e4ischen Kommission<\/b><\/p>\n<p> Auf der Tagesordnung stehen laut  <a target=\"_blank\" class=\"uri-ext outbound\" rel=\"noopener\" href=\"https:\/\/ec.europa.eu\/transparency\/documents-register\/search?query=eyJjYXRlZ29yeU9iamVjdHMiOltdLCJjYXRlZ29yaWVzIjpbXSwidHlwZU9iamVjdHMiOlt7ImlkIjoiVEVOVEFUX0FHRU5EQV9DT01fTUVFVElORyIsInR5cGUiOiJUWVBFIn1dLCJ0eXBlcyI6WyJURU5UQVRfQUdFTkRBX0NPTV9NRUVUSU5HIl0sImRlcGFydG1lbnRPYmplY3RzIjpbXSwiZGVwYXJ0bWVudHMiOltdLCJsYW5ndWFnZSI6ImVuIiwia2V5d29yZHNTZWFyY2hUeXBlIjoiQVRfTEVBU1RfT05FIiwidGFyZ2V0IjoiVElUTEVfQU5EX0NPTlRFTlQiLCJzb3J0QnkiOiJET0NVTUVOVF9EQVRFX0RFU0MiLCJpc1JlZ3VsYXIiOnRydWUsInBhZ2UiOjF9\">vorl\u00e4ufiger Agenda<\/a> das Arbeitsprogramm der Kommission f\u00fcr 2026 sowie der Jahres\u00fcberblick 2025 zu Vereinfachung, Umsetzung und Durchsetzung von EU-Recht. Au\u00dferdem soll die Kommission eine Mitteilung zur Generationenerneuerung in der Landwirtschaft verabschieden, die sich mit Perspektiven junger Landwirtinnen und Landwirte und der Zukunft der Agrarpolitik befasst. Im Anschluss findet gegen 15 Uhr eine Pressekonferenz statt, die  <a target=\"_blank\" class=\"uri-ext outbound\" rel=\"noopener\" href=\"https:\/\/audiovisual.ec.europa.eu\/en\/ebs\/grid?ebs=yes&amp;ebsplus=yes&amp;date=20251021\">live auf EBS \u00fcbertragen<\/a> wird. <\/p>\n<p><b>Stra\u00dfburg: Plenartagung des Europ\u00e4ischen Parlaments (bis 23. Oktober)<\/b><\/p>\n<p> Im Mittelpunkt der Debatten steht  <a target=\"_blank\" class=\"uri-ext outbound\" rel=\"noopener\" href=\"https:\/\/www.europarl.europa.eu\/doceo\/document\/OJQ-10-2025-10-21_EN.html\">laut vorl\u00e4ufiger Agenda<\/a> eine Erkl\u00e4rung der Kommission zum j\u00fcngsten Friedensabkommen im Nahen Osten und zur Rolle der EU bei der Unterst\u00fctzung des Friedensprozesses. Zudem beraten die Abgeordneten \u00fcber die ver\u00e4nderte Sicherheitslage und die Rolle der Polizei in der europ\u00e4ischen Sicherheitsstrategie. Auf der Abstimmungsagenda stehen u. a. Beschl\u00fcsse zur \u00c4nderung der EU-Vorschriften f\u00fcr Chemikalien, zur \u00dcberarbeitung der F\u00fchrerscheinrichtlinie sowie zur St\u00e4rkung der Datenschutz- und Parteienfinanzierungsregeln. Am Nachmittag folgen Debatten \u00fcber institutionelle Fragen im Zusammenhang mit den EU-Erweiterungsverhandlungen, die Lage der Rechtsstaatlichkeit in Malta, das Kommissionsarbeitsprogramm 2026, den EU-Haushalt 2026, die Verwendung eingefrorener russischer Verm\u00f6genswerte f\u00fcr den Wiederaufbau der Ukraine sowie die Vorbereitung des EU-Afrika-Gipfels in Angola. EBS+ \u00fcbertr\u00e4gt  <a target=\"_blank\" class=\"uri-ext outbound\" rel=\"noopener\" href=\"https:\/\/audiovisual.ec.europa.eu\/en\/ebs\/grid?ebs=yes&amp;ebsplus=yes&amp;date=20251021\">live<\/a>. <\/p>\n<p><b>Luxemburg: Rat f\u00fcr Allgemeine Angelegenheiten<\/b><\/p>\n<p> Die Ministerinnen und Minister f\u00fchren laut  <a target=\"_blank\" class=\"uri-ext outbound\" rel=\"noopener\" href=\"https:\/\/data.consilium.europa.eu\/doc\/document\/CM-4405-2025-INIT\/en\/pdf\">vorl\u00e4ufiger Agenda<\/a> eine Orientierungsaussprache zum Mehrj\u00e4hrigen Finanzrahmen (MFR) 2028-2034. Im Mittelpunkt steht die von der Europ\u00e4ischen Kommission im Juli vorgestellte Mitteilung &#8220; <a target=\"_blank\" class=\"uri-ext outbound\" rel=\"noopener\" href=\"https:\/\/commission.europa.eu\/news-and-media\/news\/eu-budget-2028-2034-stronger-europe-2025-07-16_de\">Ein dynamischer EU-Haushalt f\u00fcr die Priorit\u00e4ten der Zukunft<\/a>&#8222;, die Leitlinien f\u00fcr den n\u00e4chsten langfristigen EU-Haushalt enth\u00e4lt. Zudem besprechen die Ministerinnen und Minister einen Fortschrittsbericht zu den sogenannten  <a target=\"_blank\" class=\"uri-ext outbound\" rel=\"noopener\" href=\"https:\/\/finance.ec.europa.eu\/news\/omnibus-package-2025-04-01_en\">Omnibus-Gesetzgebungspaketen<\/a> zur Vereinfachung von EU-Rechtsvorschriften. Ein weiterer Punkt auf der Tagesordnung ist die Vorbereitung des Europ\u00e4ischen Rates am 23.\/24. Oktober sowie ein Austausch zum geplanten Europ\u00e4ischen Demokratieschutzschild zur St\u00e4rkung demokratischer Resilienz in der EU. Dar\u00fcber hinaus steht die neunte Anh\u00f6rung Ungarns im Rahmen des Verfahrens nach Artikel 7 EUV auf der Agenda, das 2018 auf Vorschlag des Europ\u00e4ischen Parlaments eingeleitet wurde. EBS \u00fcbertr\u00e4gt die abschlie\u00dfende Pressekonferenz ab 17.30 Uhr  <a target=\"_blank\" class=\"uri-ext outbound\" rel=\"noopener\" href=\"https:\/\/audiovisual.ec.europa.eu\/en\/ebs\/grid?ebs=yes&amp;ebsplus=yes&amp;date=20251021\">live<\/a>. Weitere Informationen  <a target=\"_blank\" class=\"uri-ext outbound\" rel=\"noopener\" href=\"https:\/\/www.consilium.europa.eu\/en\/meetings\/gac\/2025\/10\/21\/\">hier<\/a>. <\/p>\n<p><b>Luxemburg: Rat f\u00fcr Umwelt<\/b><\/p>\n<p> Die Umweltministerinnen und -minister bereiten die UN-Klimakonferenz COP30 vor, die vom 10. bis 21. November 2025 in Bel\u00e9m (Brasilien) stattfindet. Sie wollen Schlussfolgerungen annehmen, die als Verhandlungsmandat der EU f\u00fcr die Konferenz dienen. Ebenfalls auf der Tagesordnung stehen Schlussfolgerungen zur europ\u00e4ischen  <a target=\"_blank\" class=\"uri-ext outbound\" rel=\"noopener\" href=\"https:\/\/commission.europa.eu\/topics\/environment\/water-resilience-strategy_en\">Wasserresilienzstrategie<\/a>, die die Kommission im Juni 2025 vorgestellt hat. Zudem tauschen sich die Ministerinnen und Minister \u00fcber den Europ\u00e4ischen Ozeanpakt aus &#8211; eine Initiative der Kommission zur St\u00e4rkung der EU-Meerespolitik. Vorl\u00e4ufige Agenda  <a target=\"_blank\" class=\"uri-ext outbound\" rel=\"noopener\" href=\"https:\/\/data.consilium.europa.eu\/doc\/document\/CM-4328-2025-INIT\/en\/pdf\">hier<\/a>. Pressekonferenz ab 19.15 Uhr live auf  <a target=\"_blank\" class=\"uri-ext outbound\" rel=\"noopener\" href=\"https:\/\/audiovisual.ec.europa.eu\/de\/ebs\/grid?ebs=yes&amp;ebsplus=yes&amp;date=20251021\">EBS<\/a>. Weitere Informationen  <a target=\"_blank\" class=\"uri-ext outbound\" rel=\"noopener\" href=\"https:\/\/www.consilium.europa.eu\/en\/meetings\/env\/2025\/10\/21\/\">hier<\/a>. <\/p>\n<p><b>Luxemburg: EU-Usbekistan Kooperationsrat <\/b><\/p>\n<p> Unter dem Vorsitz der Hohen Vertreterin der EU f\u00fcr Au\u00dfen- und Sicherheitspolitik, Kaja Kallas, findet im Rahmen des Rates f\u00fcr ausw\u00e4rtige Angelegenheiten ein Treffen des EU-Usbekistan Kooperationsrats statt. Die Gespr\u00e4che befassen sich mit politischen, wirtschaftlichen und handelspolitischen Fragen sowie mit der Zusammenarbeit in den Bereichen Rechtsstaatlichkeit, Justiz, Menschenrechte und Gleichstellung. Weitere Themen sind Usbekistans WTO-Beitritt, Fragen zu Handelshemmnissen und Energie, die F\u00f6rderung der Konnektivit\u00e4t sowie aktuelle regionale und internationale Entwicklungen, darunter die Zusammenarbeit bei der Bew\u00e4ltigung von Sanktionsrisiken. Weitere Informationen zu dem Treffen  <a target=\"_blank\" class=\"uri-ext outbound\" rel=\"noopener\" href=\"https:\/\/www.consilium.europa.eu\/en\/meetings\/international-ministerial-meetings\/2025\/10\/21\/\">hier.<\/a><\/p>\n<p><b>Mittwoch, 22. Oktober<\/b><\/p>\n<p><b>Stra\u00dfburg: Plenartagung des Europ\u00e4ischen Parlaments (bis 23. Oktober)<\/b><\/p>\n<p> Die Plenartagung beginnt  <a target=\"_blank\" class=\"uri-ext outbound\" rel=\"noopener\" href=\"https:\/\/www.europarl.europa.eu\/doceo\/document\/OJQ-10-2025-10-22_EN.html\">laut vorl\u00e4ufiger Agenda<\/a> mit einer Debatte zum Europ\u00e4ischem Rat (23.\/24. Oktober), an der auch Kommissionspr\u00e4sidentin Ursula von der Leyen teilnimmt. Es folgt eine Aussprache zur Lage in Belarus. Im weiteren Verlauf stimmen die Abgeordneten \u00fcber den EU-Haushalt 2026 und Entlastungsberichte ab. Am Nachmittag folgen Debatten zur politischen Lage in Serbien sowie zu Klima- und Umweltthemen, darunter die Vorbereitung der UN-Klimakonferenz COP30 in Bel\u00e9m, die Ziele der CITES-Tagung in Usbekistan und der Ausstieg der EU aus russischen Energieimporten. EBS+ \u00fcbertr\u00e4gt  <a target=\"_blank\" class=\"uri-ext outbound\" rel=\"noopener\" href=\"https:\/\/audiovisual.ec.europa.eu\/de\/ebs\/grid?ebs=yes&amp;ebsplus=yes&amp;date=20251022\">live<\/a>. <\/p>\n<p><b>Br\u00fcssel: Dreigliedriger Sozialgipfel f\u00fcr Wachstum und Besch\u00e4ftigung<\/b><\/p>\n<p> Im Rahmen des Europ\u00e4ischen Rates findet der Tripartite Social Summit statt &#8211; ein Treffen auf hoher Ebene mit Kommissionspr\u00e4sidentin Ursula von der Leyen, den Regierungen der EU-Mitgliedstaaten sowie Arbeitgebern und Arbeitnehmern. Themen sind unter anderem die St\u00e4rkung sozialer Rechte, Reformen im Arbeitsmarkt und langfristige Strategien zur sozialen Zusammenarbeit in der EU. Weitere Informationen in K\u00fcrze  <a target=\"_blank\" class=\"uri-ext outbound\" rel=\"noopener\" href=\"https:\/\/www.consilium.europa.eu\/en\/meetings\/european-council\/2025\/10\/22\/\">hier<\/a>. <\/p>\n<p><b>Br\u00fcssel: EU-\u00c4gypten-Gipfel<\/b><\/p>\n<p> Kommissionspr\u00e4sidentin Ursula von der Leyen nimmt gemeinsam mit dem Pr\u00e4sidenten des Europ\u00e4ischen Rates, Ant\u00f3nio Costa, am ersten EU-\u00c4gypten-Gipfel teil. Im Mittelpunkt des Treffens mit dem \u00e4gyptischen Pr\u00e4sidenten Abdel Fattah al-Sisi steht die Vertiefung der politischen und wirtschaftlichen Partnerschaft zwischen der EU und \u00c4gypten. Besprochen werden Fragen der regionalen Stabilit\u00e4t, des Handels, der Migration, der Energiesicherheit sowie der Zusammenarbeit im Rahmen der strategischen und umfassenden Partnerschaft, die im M\u00e4rz 2024 geschlossen wurde.  <a target=\"_blank\" class=\"uri-ext outbound\" rel=\"noopener\" href=\"https:\/\/www.consilium.europa.eu\/en\/press\/press-releases\/2025\/10\/17\/first-ever-eu-egypt-summit-to-take-place-in-brussels-on-22-october\/\">Pressemitteilung<\/a> und weitere Informationen  <a target=\"_blank\" class=\"uri-ext outbound\" rel=\"noopener\" href=\"https:\/\/www.consilium.europa.eu\/en\/meetings\/international-summit\/2025\/10\/22\/\">hier<\/a>. <\/p>\n<p><b>Donnerstag, 23. Oktober<\/b><\/p>\n<p><b>Br\u00fcssel: Europ\u00e4ischer Rat<\/b><\/p>\n<p> Die Staats- und Regierungschefs der Europ\u00e4ischen Union beraten laut  <a target=\"_blank\" class=\"uri-ext outbound\" rel=\"noopener\" href=\"https:\/\/data.consilium.europa.eu\/doc\/document\/CM-4-2025-INIT\/en\/pdf\/\">vorl\u00e4ufiger Tagesordnung<\/a> \u00fcber die Lage in der Ukraine und im Nahen Osten, europ\u00e4ische Verteidigungs- und Sicherheitspolitik sowie \u00fcber die Themen Wettbewerbsf\u00e4higkeit, digitale und \u00f6kologische Transformation, bezahlbaren Wohnraum und Migration. Die Pr\u00e4sidentin der Europ\u00e4ischen Zentralbank, Christine Lagarde, und der Pr\u00e4sident der Euro-Gruppe, Paschal Donohoe, nehmen beim Euro-Gipfel im inklusiven Format an der Debatte \u00fcber die wirtschaftliche Lage teil. Der Euro-Gipfel wird sich auch auf die St\u00e4rkung der internationalen Rolle des Euro und in diesem Zusammenhang auch auf den digitalen Euro konzentrieren. EBS \u00fcbertr\u00e4gt die abschlie\u00dfende Pressekonferenz mit Kommissionspr\u00e4sidentin Ursula von der Leyen und Ratspr\u00e4sident Ant\u00f3nio Costa  <a target=\"_blank\" class=\"uri-ext outbound\" rel=\"noopener\" href=\"https:\/\/audiovisual.ec.europa.eu\/en\/ebs\/grid?ebs=yes&amp;ebsplus=yes&amp;date=20251023\">live<\/a>. Weitere Informationen im  <a target=\"_blank\" class=\"uri-ext outbound\" rel=\"noopener\" href=\"https:\/\/www.consilium.europa.eu\/de\/press\/press-releases\/2025\/10\/13\/invitation-letter-by-president-antonio-costa-to-the-members-of-the-european-council\/\">Einladungsschreiben von EU-Ratspr\u00e4sident Costa<\/a> und auf den in K\u00fcrze  <a target=\"_blank\" class=\"uri-ext outbound\" rel=\"noopener\" href=\"https:\/\/data.consilium.europa.eu\/doc\/document\/CM-4-2025-INIT\/en\/pdf\/\">Seiten des Rates<\/a>. <\/p>\n<p><b>Berlin: Berlin Global Dialogue 2025 (bis 25. Oktober)<\/b><\/p>\n<p> Der &#8222;Berlin Global Dialogue&#8220; (BGD) ist ein hochrangiges, j\u00e4hrliches Treffen von F\u00fchrungskr\u00e4ften aus Politik, Wirtschaft und Wissenschaft zur Diskussion globaler Wirtschaftsfragen. Seitens der EU-Kommission werden EU-Kommissionspr\u00e4sidentin Ursula von der Leyen (25. Oktober) und die EU-Kommissare Andrius Kubilius (23. Oktober) und Valdis Dombrovskis (23. Oktober) teilnehmen. Weitere Informationen  <a target=\"_blank\" class=\"uri-ext outbound\" rel=\"noopener\" href=\"https:\/\/www.berlinglobaldialogue.org\/events\/bgd-2025\">hier<\/a>. <\/p>\n<p><b>Stra\u00dfburg: Plenartagung des Europ\u00e4ischen Parlaments <\/b><\/p>\n<p> Am Schlusstag der Plenarwoche debattieren die Abgeordneten  <a target=\"_blank\" class=\"uri-ext outbound\" rel=\"noopener\" href=\"https:\/\/www.europarl.europa.eu\/doceo\/document\/OJQ-10-2025-10-23_EN.html\">laut vorl\u00e4ufiger Agenda<\/a> \u00fcber medien- und gesellschaftspolitische Themen. Auf der Tagesordnung stehen Fragen zur Anwendung der Richtlinie \u00fcber audiovisuelle Mediendienste im transatlantischen Dialog sowie Rats- und Kommissionserkl\u00e4rungen zum Schutz von Frauen und M\u00e4dchen vor Gewalt und Ausbeutung von Mutterschaft. Ebenfalls beraten wird \u00fcber die Bedeutung der Brustkrebsfr\u00fcherkennung. Zudem stimmen die Abgeordneten \u00fcber eine strategische Verwendung von InvestEU-Mitteln im Verteidigungsbereich ab. Im Anschluss folgen Abstimmungen \u00fcber mehrere Dossiers, darunter die Richtlinie zur \u00dcberwachung der Bodenqualit\u00e4t, Ma\u00dfnahmen zur Verringerung von Mikroplastik durch den Verlust von Kunststoffpellets sowie Entschlie\u00dfungen zu den Beziehungen EU-Afrika, zur UN-Klimakonferenz COP30 in Bel\u00e9m und zur CITES-Konferenz in Usbekistan. Den Abschluss der Plenarwoche bildet eine Erkl\u00e4rung der Kommission zur Abschaffung der Zeitumstellung. EBS \u00fcbertr\u00e4gt  <a target=\"_blank\" class=\"uri-ext outbound\" rel=\"noopener\" href=\"https:\/\/audiovisual.ec.europa.eu\/de\/ebs\/grid?ebs=yes&amp;ebsplus=yes&amp;date=20251023\">live<\/a>. <\/p>\n<p><b>Samstag, 25. Oktober<\/b><\/p>\n<p><b>Berlin: Rede von Kommissionspr\u00e4sidentin Ursula von der Leyen beim Berlin Global Dialogue 2025<\/b><\/p>\n<p> Kommissionspr\u00e4sidentin Ursula von der Leyen h\u00e4lt eine Rede beim Berlin Global Dialogue (BGD), die  <a target=\"_blank\" class=\"uri-ext outbound\" rel=\"noopener\" href=\"https:\/\/audiovisual.ec.europa.eu\/en\/ebs\/grid?ebs=yes&amp;ebsplus=yes&amp;date=20251025\">voraussichtlich auf EBS \u00fcbertragen<\/a> wird. Das internationale Forum bringt f\u00fchrende Vertreterinnen und Vertreter aus Politik, Wirtschaft und Wissenschaft zusammen, um \u00fcber globale Wirtschafts- und Zukunftsfragen zu diskutieren. Weitere Informationen auf der Website des  <a target=\"_blank\" class=\"uri-ext outbound\" rel=\"noopener\" href=\"https:\/\/urldefense.com\/v3\/__https:\/www.berlinglobaldialogue.org\/events\/bgd-2025__;!!DOxrgLBm!DRgZXqga9PwUVg0VGrnRoLZg2-PP2oLMcGL8QyqSvZw5TrgXAmYHrB7C680hnuBH2Nd2TD2eFqAd7wUATn8D5uxjxpsclh5SrHM%24\">Berlin Global Dialogue<\/a>. <\/p>\n<p class=\"contact-headline\">Pressekontakt:<\/p>\n<p class=\"contact-text\">Vertretung der Europ\u00e4ischen Kommission in Deutschland<br \/>Pressestelle Berlin<br \/>Unter den Linden 78<br \/>10117 Berlin<\/p>\n<p>eMail: <a href=\"https:\/\/www.presseportal.de\/pm\/35368\/mailto: COMM-REP-DE-PRESS@ec.europa.eu\" class=\"uri-mailto\" target=\"_blank\" rel=\"noopener\"> COMM-REP-DE-PRESS@ec.europa.eu<\/a><\/p>\n<p class=\"originator\">Original-Content von: Europ\u00e4ische Kommission, \u00fcbermittelt durch news aktuell<\/p>\n","protected":false},"excerpt":{"rendered":"17.10.2025 \u2013 14:29 Europ\u00e4ische Kommission Berlin (ots) Die EU-Terminvorschau ist ein Service der Vertretungen der EU-Kommission in Deutschland&hellip;\n","protected":false},"author":2,"featured_media":386213,"comment_status":"","ping_status":"","sticky":false,"template":"","format":"standard","meta":{"footnotes":""},"categories":[3933],"tags":[331,332,6800,548,663,158,3934,3935,13,14,15,178,180,179,181,12,18867,3699],"class_list":{"0":"post-505856","1":"post","2":"type-post","3":"status-publish","4":"format-standard","5":"has-post-thumbnail","7":"category-eu","8":"tag-aktuelle-nachrichten","9":"tag-aktuelle-news","10":"tag-auenpolitik","11":"tag-eu","12":"tag-europa","13":"tag-europaeische-union","14":"tag-europe","15":"tag-european-union","16":"tag-headlines","17":"tag-nachrichten","18":"tag-news","19":"tag-presse","20":"tag-pressemeldung","21":"tag-pressemitteilung","22":"tag-pressemitteilungen","23":"tag-schlagzeilen","24":"tag-terminvorschau","25":"tag-veranstaltung"},"share_on_mastodon":{"url":"https:\/\/pubeurope.com\/@de\/115389660033247246","error":""},"_links":{"self":[{"href":"https:\/\/www.europesays.com\/de\/wp-json\/wp\/v2\/posts\/505856","targetHints":{"allow":["GET"]}}],"collection":[{"href":"https:\/\/www.europesays.com\/de\/wp-json\/wp\/v2\/posts"}],"about":[{"href":"https:\/\/www.europesays.com\/de\/wp-json\/wp\/v2\/types\/post"}],"author":[{"embeddable":true,"href":"https:\/\/www.europesays.com\/de\/wp-json\/wp\/v2\/users\/2"}],"replies":[{"embeddable":true,"href":"https:\/\/www.europesays.com\/de\/wp-json\/wp\/v2\/comments?post=505856"}],"version-history":[{"count":0,"href":"https:\/\/www.europesays.com\/de\/wp-json\/wp\/v2\/posts\/505856\/revisions"}],"wp:featuredmedia":[{"embeddable":true,"href":"https:\/\/www.europesays.com\/de\/wp-json\/wp\/v2\/media\/386213"}],"wp:attachment":[{"href":"https:\/\/www.europesays.com\/de\/wp-json\/wp\/v2\/media?parent=505856"}],"wp:term":[{"taxonomy":"category","embeddable":true,"href":"https:\/\/www.europesays.com\/de\/wp-json\/wp\/v2\/categories?post=505856"},{"taxonomy":"post_tag","embeddable":true,"href":"https:\/\/www.europesays.com\/de\/wp-json\/wp\/v2\/tags?post=505856"}],"curies":[{"name":"wp","href":"https:\/\/api.w.org\/{rel}","templated":true}]}}