{"id":505870,"date":"2025-10-17T13:15:18","date_gmt":"2025-10-17T13:15:18","guid":{"rendered":"https:\/\/www.europesays.com\/de\/505870\/"},"modified":"2025-10-17T13:15:18","modified_gmt":"2025-10-17T13:15:18","slug":"grosser-andrang-am-fcs-messestand-fcs-fair-computer-systems-gmbh-nuernberg-story","status":"publish","type":"post","link":"https:\/\/www.europesays.com\/de\/505870\/","title":{"rendered":"Gro\u00dfer Andrang am FCS-Messestand, FCS Fair Computer Systems GmbH N\u00fcrnberg, Story"},"content":{"rendered":"<p>Die FCS Fair Computer Systems GmbH zieht eine durchweg positive Bilanz nach ihrer Teilnahme an der it-sa 2025. Der Messestand des N\u00fcrnberger Softwareherstellers war an allen Tagen ein zentraler Anziehungspunkt f\u00fcr ein breites Fachpublikum. Im Mittelpunkt des Interesses stand die bew\u00e4hrte Flaggschiff-L\u00f6sung f\u00fcr <b>IT Asset Management (ITAM)<\/b>: <a href=\"https:\/\/www.fair-computer.de\/produkte\/assetdesk\/\" class=\"bbcode_url\" target=\"_blank\" rel=\"noopener\"><b>Asset.Desk<\/b><\/a>.<\/p>\n<p>Die zahlreichen Fachgespr\u00e4che zeigten, dass Unternehmen eine zentrale Plattform zur vollst\u00e4ndigen Erfassung, Verwaltung und Kontrolle aller IT- und Non-IT-Assets suchen. Asset.Desk demonstrierte eindrucksvoll, wie dieser Anspruch in die Praxis umgesetzt wird.<\/p>\n<p>\u201eDie it-sa ist f\u00fcr uns als N\u00fcrnberger Unternehmen ein echtes Highlight. Es ist ein Heimspiel und die Atmosph\u00e4re ist fantastisch\u201c, so <b>Stefanie Schiwek, Marketing bei FCS<\/b>. \u201eDer diesj\u00e4hrige Erfolg und das enorme Interesse an unseren L\u00f6sungen freuen uns ganz besonders.\u201c<\/p>\n<p>\u201eDer gro\u00dfe Andrang best\u00e4tigt uns in unserem Kurs\u201c, erg\u00e4nzt <b>Julian Saalfrank, Leitung IT Management Solutions bei FCS<\/b>. \u201eViele Organisationen wollen heute keine \u00fcberladenen und teuren Suiten mehr. Sie suchen eine <b>modulare L\u00f6sung<\/b>, die exakt auf ihre Bed\u00fcrfnisse zugeschnitten ist und mit ihren Anforderungen w\u00e4chst. Entscheidend ist f\u00fcr sie auch, einen Partner an der Seite zu haben, dessen <b>Ansprechpartner vor Ort<\/b> sind und ihre Prozesse wirklich <b>verstehen<\/b>. Genau dieses Gesamtpaket \u2013 eine flexible Software und echte Partnerschaft \u2013 liefern wir mit Asset.Desk.\u201c<\/p>\n<p><b>Vollst\u00e4ndige Transparenz von Hardware bis zur Cloud<\/b><\/p>\n<p>Ein effektives <b>Hardware Asset Management<\/b> und ein rechtssicheres <b>Software Asset Management (SAM)<\/b> sind das Fundament f\u00fcr eine stabile IT. Asset.Desk meistert diese Disziplinen durch eine hochgradig automatisierte <b>Inventarisierung<\/b>. Netzwerk-Scans und die <b>mobile Bestandsverwaltung<\/b> mit der <b>Asset.Desk Mobile+ App<\/b> u.a. via Barcode erm\u00f6glichen ein l\u00fcckenloses <b>Asset Tracking<\/b> und ein stets aktuelles <b>Bestandsmanagement<\/b>. Das KPMG-zertifizierte <b>Lizenzmanagement<\/b> sorgt dabei f\u00fcr Software-<b>Compliance<\/b> und signifikante <b>Kostenoptimierung<\/b>.<\/p>\n<p><b>Compliance, Risiko und Service Management im Einklang<\/b><\/p>\n<p>Als zentrale <b>Configuration Management Database (CMDB)<\/b> bildet Asset.Desk das R\u00fcckgrat f\u00fcr <b>ITIL-Prozesse<\/b> und unterst\u00fctzt bei der Einhaltung strenger Vorgaben wie DSGVO, GoBD, NIS-2 und DORA. Das integrierte <b>Vertragsmanagement<\/b> und die Funktionen zum <b>Risikomanagement<\/b> minimieren betriebliche Risiken. Durch die nahtlose Anbindung an den <a href=\"https:\/\/www.fair-computer.de\/produkte\/heinzelmann_servicedesk\/\" class=\"bbcode_url\" target=\"_blank\" rel=\"noopener\">HEINZELMANN Service.Desk<\/a> werden Asset-Daten direkt in <b>IT Service Management (ITSM)<\/b>-Workflows integriert, was die \u00dcberwachung von <b>Service-Level-Agreements (SLA)<\/b> vereinfacht. Ein <b>Self Service<\/b>-Portal rundet das Angebot ab.<\/p>\n<p><b>Automatisierung f\u00fcr die moderne IT-Landschaft<\/b><\/p>\n<p>Die St\u00e4rke von Asset.Desk liegt in der intelligenten <b>Automatisierung<\/b>. Sie reduziert den manuellen Aufwand und schafft Freir\u00e4ume f\u00fcr strategische Aufgaben. Der modulare Aufbau bildet alle Phasen des <b>Lifecycle Management<\/b> ab \u2013 von der <b>Beschaffung <\/b>\u00fcber geplante <b>Wartung<\/b> bis zur dokumentierten <b>Stilllegung<\/b>. Die Plattform verwaltet dabei nicht nur physische Ger\u00e4te, sondern deckt auch das <b>Cloud Asset Management<\/b> (z.B. Azure, AWS) und das <b>Digital Asset Management<\/b> (Lizenzen, Zertifikate) ab. Die Integration mit Security.Desk st\u00e4rkt zus\u00e4tzlich das <b>Sicherheitsmanagement<\/b>. Detaillierte <b>Reporting- und Analysefunktionen<\/b> schaffen zudem die Datengrundlage f\u00fcr ein strategisches <b>IT Financial Management (ITFM)<\/b>.<\/p>\n","protected":false},"excerpt":{"rendered":"Die FCS Fair Computer Systems GmbH zieht eine durchweg positive Bilanz nach ihrer Teilnahme an der it-sa 2025.&hellip;\n","protected":false},"author":2,"featured_media":505871,"comment_status":"","ping_status":"","sticky":false,"template":"","format":"standard","meta":{"footnotes":""},"categories":[1837],"tags":[126278,27318,772,3364,29,1081,85198,126279,30,126283,126277,126284,126276,14774,126280,126282,126285,3783,126281],"class_list":{"0":"post-505870","1":"post","2":"type-post","3":"status-publish","4":"format-standard","5":"has-post-thumbnail","7":"category-nuernberg","8":"tag-asset-desk","9":"tag-automatisierung","10":"tag-bayern","11":"tag-de","12":"tag-deutschland","13":"tag-digitalisierung","14":"tag-dora","15":"tag-fcs-fair-computer-systems","16":"tag-germany","17":"tag-heinzelmann-service-desk","18":"tag-it-asset-management","19":"tag-it-compliance","20":"tag-it-sa","21":"tag-it-sicherheit","22":"tag-itam","23":"tag-itsm","24":"tag-nis-2","25":"tag-nuernberg","26":"tag-softwarelizenzmanagement"},"share_on_mastodon":{"url":"https:\/\/pubeurope.com\/@de\/115389695548391979","error":""},"_links":{"self":[{"href":"https:\/\/www.europesays.com\/de\/wp-json\/wp\/v2\/posts\/505870","targetHints":{"allow":["GET"]}}],"collection":[{"href":"https:\/\/www.europesays.com\/de\/wp-json\/wp\/v2\/posts"}],"about":[{"href":"https:\/\/www.europesays.com\/de\/wp-json\/wp\/v2\/types\/post"}],"author":[{"embeddable":true,"href":"https:\/\/www.europesays.com\/de\/wp-json\/wp\/v2\/users\/2"}],"replies":[{"embeddable":true,"href":"https:\/\/www.europesays.com\/de\/wp-json\/wp\/v2\/comments?post=505870"}],"version-history":[{"count":0,"href":"https:\/\/www.europesays.com\/de\/wp-json\/wp\/v2\/posts\/505870\/revisions"}],"wp:featuredmedia":[{"embeddable":true,"href":"https:\/\/www.europesays.com\/de\/wp-json\/wp\/v2\/media\/505871"}],"wp:attachment":[{"href":"https:\/\/www.europesays.com\/de\/wp-json\/wp\/v2\/media?parent=505870"}],"wp:term":[{"taxonomy":"category","embeddable":true,"href":"https:\/\/www.europesays.com\/de\/wp-json\/wp\/v2\/categories?post=505870"},{"taxonomy":"post_tag","embeddable":true,"href":"https:\/\/www.europesays.com\/de\/wp-json\/wp\/v2\/tags?post=505870"}],"curies":[{"name":"wp","href":"https:\/\/api.w.org\/{rel}","templated":true}]}}