{"id":505882,"date":"2025-10-17T13:21:33","date_gmt":"2025-10-17T13:21:33","guid":{"rendered":"https:\/\/www.europesays.com\/de\/505882\/"},"modified":"2025-10-17T13:21:33","modified_gmt":"2025-10-17T13:21:33","slug":"letzte-chance-bei-werder-bremen-alles-oder-nichts-spiel-fuer-pieper-sport","status":"publish","type":"post","link":"https:\/\/www.europesays.com\/de\/505882\/","title":{"rendered":"Letzte Chance bei Werder Bremen: Alles-oder-nichts-Spiel f\u00fcr Pieper? | Sport"},"content":{"rendered":"<p><b>Amos Pieper (27) z\u00e4hlt zu den gro\u00dfen Verlierern der bisherigen Werder-Saison \u2013 dabei kann der Defensivspieler relativ wenig daf\u00fcr.<\/b><\/p>\n<p>Viel mehr \u201eleidet\u201c Pieper unter den starken Leistungen von Werder-Juwel <a href=\"https:\/\/www.bild.de\/sport\/fussball\/coulibaly-maerchen-bei-werder-bremen-vom-plattenbau-in-die-bundesliga-68f1f3612f6e3c54ca984f31\" class=\"text-link\" target=\"_blank\" rel=\"noopener\">Karim Coulibaly<\/a> (18), der den Routinier nach dessen H\u00fcft-Verletzung in der Innenverteidiger-Hierarchie auf Platz\u00a04 verdr\u00e4ngte.<\/p>\n<p>Besonders bitter: Piepers Vertrag l\u00e4uft kommenden Sommer aus. Im System mit Dreierkette unter Ex-Trainer Ole Werner (37\/Leipzig) war der fr\u00fchere Bielefelder im Endspurt der vergangenen Saison noch gesetzt. In der Taktik des neuen Werder-Coaches Horst Steffen (56) mit zwei Innenverteidigern ist aktuell kein Platz f\u00fcr Pieper \u2013 bis jetzt!<\/p>\n<p>Hei\u00dfe Infos!: Verl\u00e4sst dieser RB-Star die Bundesliga?<a class=\"anchor video-teaser__anchor\" href=\"https:\/\/www.bild.de\/sport\/fussball\/heisse-infos-verlaesst-dieser-rb-star-die-bundesliga-68f125522f6e3c54ca984823\" target=\"_blank\" rel=\"noopener\"><img decoding=\"async\" width=\"992\" height=\"558\" alt=\"Teaser-Bild\" src=\"https:\/\/www.europesays.com\/de\/wp-content\/uploads\/2025\/10\/6aab3fc11f0a9972e38e9c8d57fa8463-landscape,f2d235b4\"   class=\"landscape teaser__image\" loading=\"lazy\"\/><\/a><\/p>\n<p>Quelle: BILD17.10.2025<\/p>\n<p>Denn der U21-Europameister von 2021 profitiert von den <a href=\"https:\/\/www.bild.de\/sport\/fussball\/werder-bremen-wilde-verletzungsserie-steffen-sucht-den-not-not-not-not-verteidiger-68f0df70cdf2d9fc0bea136e\" class=\"text-link\" target=\"_blank\" rel=\"noopener\">vielen Ausf\u00e4llen<\/a> in der Defensive und d\u00fcrfte aufgrund der gro\u00dfen Personalnot gegen Heidenheim am Samstag (15.30 Uhr, Sky) seine ersten Bundesliga-Minuten sammeln.<\/p>\n<p>Werder Bremen: Alles-oder-nichts-Spiel f\u00fcr Pieper?<\/p>\n<p><b>Dabei steht Pieper in Heidenheim wegen mehrerer Faktoren besonders im Fokus. Zum einen will er sich mit einer starken Leistung f\u00fcr mehr Spielzeit anbieten, zum anderen geht es auch um seine Zukunft.<\/b><\/p>\n<p>Pieper kann jeden guten Auftritt gebrauchen \u2013 auch um sich gegebenenfalls f\u00fcr andere Vereine interessant zu machen.<\/p>\n<p>Mehr zum Thema<\/p>\n<p>Werders Profi-Chef Peter Niemeyer (41) will seinem Defensivspieler keinen zus\u00e4tzlichen Druck machen. \u201eDas eine Spiel wird jetzt nicht \u00fcber seine Zukunft entscheiden. Wir sind einfach froh, dass er wieder fit ist und spielen kann\u201c, sagt er zu BILD. Genau hinschauen d\u00fcrften die Bremer Bosse bei Pieper aber trotzdem\u00a0\u2026<\/p>\n<p>Es d\u00fcrfte n\u00e4mlich nicht mehr lange dauern, bis sich in Sachen Zukunft etwas tut. M\u00f6glich, dass sp\u00e4testens im Winter eine Entscheidung f\u00e4llt. Bewegung gibt es in den Gespr\u00e4chen bisher nicht. Niemeyer: \u201eWir befinden uns weiterhin im Austausch mit seiner Agentur. Da gibt es aber keinen neuen Stand.\u201c<\/p>\n","protected":false},"excerpt":{"rendered":"Amos Pieper (27) z\u00e4hlt zu den gro\u00dfen Verlierern der bisherigen Werder-Saison \u2013 dabei kann der Defensivspieler relativ wenig&hellip;\n","protected":false},"author":2,"featured_media":505883,"comment_status":"","ping_status":"","sticky":false,"template":"","format":"standard","meta":{"footnotes":""},"categories":[1824],"tags":[2420,126291,3364,29,538,30,7653,24042,542,15553,45,537,539],"class_list":{"0":"post-505882","1":"post","2":"type-post","3":"status-publish","4":"format-standard","5":"has-post-thumbnail","7":"category-bremen","8":"tag-bremen","9":"tag-coulibaly-karim","10":"tag-de","11":"tag-deutschland","12":"tag-erste-bundesliga","13":"tag-germany","14":"tag-niemeyer-peter","15":"tag-pieper-amos","16":"tag-sport-leuchtturm-hamburg","17":"tag-steffen-horst","18":"tag-texttospeech","19":"tag-werder-bremen","20":"tag-werner-ole"},"share_on_mastodon":{"url":"https:\/\/pubeurope.com\/@de\/115389719312931812","error":""},"_links":{"self":[{"href":"https:\/\/www.europesays.com\/de\/wp-json\/wp\/v2\/posts\/505882","targetHints":{"allow":["GET"]}}],"collection":[{"href":"https:\/\/www.europesays.com\/de\/wp-json\/wp\/v2\/posts"}],"about":[{"href":"https:\/\/www.europesays.com\/de\/wp-json\/wp\/v2\/types\/post"}],"author":[{"embeddable":true,"href":"https:\/\/www.europesays.com\/de\/wp-json\/wp\/v2\/users\/2"}],"replies":[{"embeddable":true,"href":"https:\/\/www.europesays.com\/de\/wp-json\/wp\/v2\/comments?post=505882"}],"version-history":[{"count":0,"href":"https:\/\/www.europesays.com\/de\/wp-json\/wp\/v2\/posts\/505882\/revisions"}],"wp:featuredmedia":[{"embeddable":true,"href":"https:\/\/www.europesays.com\/de\/wp-json\/wp\/v2\/media\/505883"}],"wp:attachment":[{"href":"https:\/\/www.europesays.com\/de\/wp-json\/wp\/v2\/media?parent=505882"}],"wp:term":[{"taxonomy":"category","embeddable":true,"href":"https:\/\/www.europesays.com\/de\/wp-json\/wp\/v2\/categories?post=505882"},{"taxonomy":"post_tag","embeddable":true,"href":"https:\/\/www.europesays.com\/de\/wp-json\/wp\/v2\/tags?post=505882"}],"curies":[{"name":"wp","href":"https:\/\/api.w.org\/{rel}","templated":true}]}}