{"id":505890,"date":"2025-10-17T13:25:11","date_gmt":"2025-10-17T13:25:11","guid":{"rendered":"https:\/\/www.europesays.com\/de\/505890\/"},"modified":"2025-10-17T13:25:11","modified_gmt":"2025-10-17T13:25:11","slug":"bundesliga-nico-schlotterbeck-borussia-dortmunds-mann-fuer-die-suedtribuene-sport","status":"publish","type":"post","link":"https:\/\/www.europesays.com\/de\/505890\/","title":{"rendered":"Bundesliga: Nico Schlotterbeck, Borussia Dortmunds Mann f\u00fcr die S\u00fcdtrib\u00fcne &#8211; Sport"},"content":{"rendered":"<p class=\"css-c9fym5\" data-manual=\"teaserText\" data-schema-org-speakable=\"true\">Um Nico Schlotterbeck, die Identifikationsfigur bei Borussia Dortmund, ranken sich Wechselger\u00fcchte. Um ihn zu halten, will sein Klub an die Schmerzgrenze gehen \u2013 und pr\u00fcft doch Alternativen.<\/p>\n<p data-manual=\"author\" data-testid=\"byline\" class=\"css-1b049jz\">Von <a href=\"https:\/\/www.sueddeutsche.de\/autoren\/freddie-roeckenhaus-1.1408980\" target=\"_blank\" rel=\"noopener\">Freddie R\u00f6ckenhaus<\/a>, Dortmund<\/p>\n<p data-manual=\"paragraph\" data-schema-org-speakable=\"true\" class=\"css-9njfp7\">Imagem\u00e4\u00dfig k\u00f6nnte es f\u00fcr <a href=\"https:\/\/www.sueddeutsche.de\/thema\/Nico_Schlotterbeck\" target=\"_blank\" rel=\"noopener\">Nico Schlotterbeck<\/a> nicht besser laufen. In Borussia Dortmunds nettem Stammlokal, wo in den G\u00e4stezimmern oft die Neuank\u00f6mmlinge unter den BVB-Spielern f\u00fcr ein paar Monate logieren, bis sie eine eigene Bleibe haben oder sie wieder woandershin weiterwandern, ist der schneidige junge Mann der Liebling von allen. Schlotterbeck kommt zwar nur zum Essen, ins Restaurant, aber da haut es vor allem die weibliche Belegschaft immer etwas um: gutes Benehmen, gute Laune, gutes Aussehen. Man h\u00f6rt: Wenn doch alle Profis so w\u00e4ren. Nur, dass man gerade nicht mehr wei\u00df, ob der \u201eSchlotti\u201c nicht genau so ist: so wie alle Profis. Auf der Durchreise.<\/p>\n","protected":false},"excerpt":{"rendered":"Um Nico Schlotterbeck, die Identifikationsfigur bei Borussia Dortmund, ranken sich Wechselger\u00fcchte. Um ihn zu halten, will sein Klub&hellip;\n","protected":false},"author":2,"featured_media":505891,"comment_status":"","ping_status":"","sticky":false,"template":"","format":"standard","meta":{"footnotes":""},"categories":[1833],"tags":[888,299,3364,29,217,458,347,30,148,5973,1209,14997,265,149],"class_list":{"0":"post-505890","1":"post","2":"type-post","3":"status-publish","4":"format-standard","5":"has-post-thumbnail","7":"category-dortmund","8":"tag-borussia-dortmund","9":"tag-bundesliga","10":"tag-de","11":"tag-deutschland","12":"tag-dortmund","13":"tag-fc-bayern-muenchen","14":"tag-fussball","15":"tag-germany","16":"tag-leserdiskussion","17":"tag-nico-schlotterbeck","18":"tag-nordrhein-westfalen","19":"tag-sebastian-kehl","20":"tag-sport","21":"tag-sueddeutsche-zeitung"},"share_on_mastodon":{"url":"https:\/\/pubeurope.com\/@de\/115389735056133974","error":""},"_links":{"self":[{"href":"https:\/\/www.europesays.com\/de\/wp-json\/wp\/v2\/posts\/505890","targetHints":{"allow":["GET"]}}],"collection":[{"href":"https:\/\/www.europesays.com\/de\/wp-json\/wp\/v2\/posts"}],"about":[{"href":"https:\/\/www.europesays.com\/de\/wp-json\/wp\/v2\/types\/post"}],"author":[{"embeddable":true,"href":"https:\/\/www.europesays.com\/de\/wp-json\/wp\/v2\/users\/2"}],"replies":[{"embeddable":true,"href":"https:\/\/www.europesays.com\/de\/wp-json\/wp\/v2\/comments?post=505890"}],"version-history":[{"count":0,"href":"https:\/\/www.europesays.com\/de\/wp-json\/wp\/v2\/posts\/505890\/revisions"}],"wp:featuredmedia":[{"embeddable":true,"href":"https:\/\/www.europesays.com\/de\/wp-json\/wp\/v2\/media\/505891"}],"wp:attachment":[{"href":"https:\/\/www.europesays.com\/de\/wp-json\/wp\/v2\/media?parent=505890"}],"wp:term":[{"taxonomy":"category","embeddable":true,"href":"https:\/\/www.europesays.com\/de\/wp-json\/wp\/v2\/categories?post=505890"},{"taxonomy":"post_tag","embeddable":true,"href":"https:\/\/www.europesays.com\/de\/wp-json\/wp\/v2\/tags?post=505890"}],"curies":[{"name":"wp","href":"https:\/\/api.w.org\/{rel}","templated":true}]}}