{"id":505892,"date":"2025-10-17T13:26:23","date_gmt":"2025-10-17T13:26:23","guid":{"rendered":"https:\/\/www.europesays.com\/de\/505892\/"},"modified":"2025-10-17T13:26:23","modified_gmt":"2025-10-17T13:26:23","slug":"torgauer-platz-ab-montag-wieder-frei-karli-ab-donnerstag-%c2%b7-leipziger-zeitung","status":"publish","type":"post","link":"https:\/\/www.europesays.com\/de\/505892\/","title":{"rendered":"Torgauer Platz ab Montag wieder frei, Karli ab Donnerstag \u00b7 Leipziger Zeitung"},"content":{"rendered":"<p>Die Gleisinstandsetzung der Leipziger Verkehrsbetriebe enden, wie geplant am Sonntag, sodass ab Montag, 20. Oktober der Stra\u00dfenbahn- und Autoverkehr wieder \u00fcber den Torgauer Platz verkehren kann. Damit beenden die LVB planm\u00e4\u00dfig ihre Arbeiten an den Gleisen auf dem Torgauer Platz. Die Anlagen mussten durch das starke Verkehrsaufkommen instand gesetzt werden. Die Stra\u00dfenbahnlinien 2,3, 7 und 8 fahren ab Montag wieder ihren regul\u00e4ren Linienweg in diesem Bereich.<\/p>\n<p>Karli-Freigabe am Donnerstag<\/p>\n<p>Die Karl-Liebknecht-Stra\u00dfen wird am Donnerstag, 23. Oktober, im Laufe des Tages auch f\u00fcr den Autoverkehr wieder freigegeben. Bereits seit 29. September fahren die Stra\u00dfenbahnen. Damit beenden die Leipziger Wasserwerke und Verkehrsbetriebe ihre Bauarbeiten in dem Bereich.<\/p>\n<p>Gleisinstandsetzungen in der Riesaer Stra\u00dfe<\/p>\n<p>Vom 27. Oktober bis zum 19. Dezember 2025 setzen die Leipziger Verkehrsbetriebe die Gleise in der Riesaer Stra\u00dfe in zwei Baubereichen instand. Hierf\u00fcr ist eine Stra\u00dfenbahnsperrung vom 27. Oktober bis zum 5. Dezember notwendig sowie \u00c4nderungen im Stra\u00dfenverkehr. Es kommt zu \u00c4nderungen f\u00fcr die Stra\u00dfenbahnlinien 7, 8 und N17. Schienenersatzverkehr und die Baulinie 37 sind im Einsatz. Die Buslinie 90 verkehrt mit \u00f6rtlicher Umleitung. Alle Informationen hierzu finden Sie hier.<\/p>\n<p>Alle Informationen zu den Bauma\u00dfnahmen der Leipziger Gruppe finden Sie unter <a href=\"https:\/\/www.l.de\/wir-fuer-leipzig\/baustellen\/\" target=\"_blank\" rel=\"noreferrer noopener\">www.L.de\/baustellen<\/a>. Alle aktuell g\u00fcltigen Fahrpl\u00e4ne und Verbindungen sind unter <a href=\"https:\/\/www.l.de\/verkehrsbetriebe\/fahren\/verbindungen-abfahrten\/\" target=\"_blank\" rel=\"noreferrer noopener\">www.L.de\/fahrplan<\/a> oder \u00fcber die App LeipzigMOVE abrufbar.<\/p>\n","protected":false},"excerpt":{"rendered":"Die Gleisinstandsetzung der Leipziger Verkehrsbetriebe enden, wie geplant am Sonntag, sodass ab Montag, 20. Oktober der Stra\u00dfenbahn- und&hellip;\n","protected":false},"author":2,"featured_media":505893,"comment_status":"","ping_status":"","sticky":false,"template":"","format":"standard","meta":{"footnotes":""},"categories":[1832],"tags":[2461,3364,29,30,5604,71,859,118941],"class_list":{"0":"post-505892","1":"post","2":"type-post","3":"status-publish","4":"format-standard","5":"has-post-thumbnail","7":"category-leipzig","8":"tag-baustelle","9":"tag-de","10":"tag-deutschland","11":"tag-germany","12":"tag-karl-liebknecht-strasse","13":"tag-leipzig","14":"tag-sachsen","15":"tag-torgauer-platz"},"share_on_mastodon":{"url":"https:\/\/pubeurope.com\/@de\/115389738950650626","error":""},"_links":{"self":[{"href":"https:\/\/www.europesays.com\/de\/wp-json\/wp\/v2\/posts\/505892","targetHints":{"allow":["GET"]}}],"collection":[{"href":"https:\/\/www.europesays.com\/de\/wp-json\/wp\/v2\/posts"}],"about":[{"href":"https:\/\/www.europesays.com\/de\/wp-json\/wp\/v2\/types\/post"}],"author":[{"embeddable":true,"href":"https:\/\/www.europesays.com\/de\/wp-json\/wp\/v2\/users\/2"}],"replies":[{"embeddable":true,"href":"https:\/\/www.europesays.com\/de\/wp-json\/wp\/v2\/comments?post=505892"}],"version-history":[{"count":0,"href":"https:\/\/www.europesays.com\/de\/wp-json\/wp\/v2\/posts\/505892\/revisions"}],"wp:featuredmedia":[{"embeddable":true,"href":"https:\/\/www.europesays.com\/de\/wp-json\/wp\/v2\/media\/505893"}],"wp:attachment":[{"href":"https:\/\/www.europesays.com\/de\/wp-json\/wp\/v2\/media?parent=505892"}],"wp:term":[{"taxonomy":"category","embeddable":true,"href":"https:\/\/www.europesays.com\/de\/wp-json\/wp\/v2\/categories?post=505892"},{"taxonomy":"post_tag","embeddable":true,"href":"https:\/\/www.europesays.com\/de\/wp-json\/wp\/v2\/tags?post=505892"}],"curies":[{"name":"wp","href":"https:\/\/api.w.org\/{rel}","templated":true}]}}