{"id":505894,"date":"2025-10-17T13:27:12","date_gmt":"2025-10-17T13:27:12","guid":{"rendered":"https:\/\/www.europesays.com\/de\/505894\/"},"modified":"2025-10-17T13:27:12","modified_gmt":"2025-10-17T13:27:12","slug":"neue-immersive-ausstellung-im-kunstkraftwerk-leipzig-traumfabrik-wo-licht-zum-zauber-wird","status":"publish","type":"post","link":"https:\/\/www.europesays.com\/de\/505894\/","title":{"rendered":"Neue immersive Ausstellung im Kunstkraftwerk Leipzig: &#8222;TraumFabrik &#8211; Wo Licht zum Zauber wird&#8220;"},"content":{"rendered":"<p>\n          Pressemitteilung &#8211;<br \/>\n17. Oktober 2025 15:12<\/p>\n<p>    Teilen<\/p>\n<p>\n          Link wurde kopiert!\n        <\/p>\n<p>          <a class=\"ghost-btn-with-icon svg-stroke\" rel=\"nofollow noopener\" aria-label=\"Download als PDF\" href=\"https:\/\/www.mynewsdesk.com\/de\/leipzig\/pressreleases\/neue-immersive-ausstellung-im-kunstkraftwerk-leipzig-traumfabrik-wo-licht-zum-zauber-wird-3411140.pdf\" target=\"_blank\"><\/p>\n<p>            Runterladen<br \/>\n<\/a>      <\/p>\n<p>\u00dcberall in den R\u00e4umen ist Licht, das die Gedanken bewegt. Klang und Farben werden zu Bildern an den W\u00e4nden und regen im Kopf die Fantasie von Jung und Alt an: Willkommen in der \u201eTraumFabrik &#8211; Wo Licht zum Zauber wird\u201c! Die winterliche Ausstellung im Kunstkraftwerk Leipzig verzaubert ab dem 17. Oktober 2025 die ganze Familie in einem atemberaubenden Parcours aus leuchtenden Inspirationen und optischen \u00dcberraschungen. 17 multimediale und teils interaktive Stationen sowie eine cineastische Erz\u00e4hlung als H\u00f6hepunkt formen eine Welt der Tr\u00e4ume, wie sie Leipzig noch nicht erlebt hat. Die Ausstellung ist ideal f\u00fcr Familien, Freundeskreise und alle, die ihre Vorstellungskraft neu entdecken m\u00f6chten. <\/p>\n<p>Winterzeit ist Lichterzeit \u2013 und daraus fantasieren sieben renommierte K\u00fcnstler und Studios f\u00fcr das Kunstkraftwerk ein Fest f\u00fcr alle der Sinne. Begannen bislang die meisten Ausstellungen mit der immersiven Multimediashow in der gro\u00dfen Maschinenhalle, f\u00fchrt der Weg leuchtender und klangvoller Installationen der \u201eTraumfabrik\u201c nun vom Spiegelraum durch die Turm- und Kellerr\u00e4ume zur Kesselhalle, bevor es in die Maschinenhalle geht. Hier m\u00fcndet der verschlungene Weg durch die illuminierten Erlebnisse in die multimediale Projektion \u201eDie kleine Maus\u201c. <\/p>\n<p>Die 360-Grad-Projektion ist die Deutschlandpremiere des Original-VR-Films: Die kleine Maus (engl. \u201eThe little Mouse who wanted to become Somebody\u201c), der auf dem Filmfestival Venedig 2025 uraufgef\u00fchrt wurde. In dem 27 Minuten langen 3D-multimedialen Erlebnis m\u00f6chte sich die handwerklich talentierte Maus einen Namen machen und heuert in der High-Tech-Fabrik des Weihnachtsmanns an. Der Ruhm ist ihr sicher \u2013 aber verliert sie in der Massenproduktion vielleicht ihre Magie, Tr\u00e4ume und Freude? <\/p>\n<p>Die \u201eTraumfabrik\u201c hilft mit ihren verspielten fantastischen Installationen, dass die Besucher der Ausstellung in ihren K\u00f6pfen erste Kapitel ihrer eigenen Traumgeschichte aufschlagen. Sie schwelgen in Sternenbildern, die sich an den W\u00e4nden formen, interagieren mit einer gro\u00dfen leuchtenden Eule. Im Traumwald lebt jeder seinen individuellen Traum, denn jede Bewegung der Besucher in der interaktiven Installation, jedes Zeichnen mit den H\u00e4nden an den W\u00e4nden ver\u00e4ndert den bunten Wald und seine verbl\u00fcffenden Wesen. Ob Kind oder Erwachsener \u2013 in der \u201eTraumfabrik\u201c entsteht das, was sich kleine und gro\u00dfe Geister vorstellen. Echte Geister gibt es auch: Im Keller der Show warten ein Labyrinth aus Licht, Wassergeistern und vielen illuminierten \u00dcberraschungen. <\/p>\n<p>Die Eintrittskarte f\u00fcr Vollzahler ist ab 18 Euro erh\u00e4ltlich, erm\u00e4\u00dfigt ab 14 Euro. Wer diese online erwirbt, hat im gebuchten Zeitraum garantierten Eintritt. Es sind auch spezielle Tickets f\u00fcr Familien, Schulklassen und Gruppen erh\u00e4ltlich.<\/p>\n<p>Weitere Informationen und Tickets: <a href=\"https:\/\/www.kunstkraftwerk-leipzig.com\/exhibitions\/traumfabrik\/\" target=\"_blank\" rel=\"nofollow noopener\">www.kunstkraftwerk-leipzig.com<\/a><\/p>\n<p>Redaktion: Andreas Schmidt<\/p>\n","protected":false},"excerpt":{"rendered":"Pressemitteilung &#8211; 17. Oktober 2025 15:12 Teilen Link wurde kopiert! Runterladen \u00dcberall in den R\u00e4umen ist Licht, das&hellip;\n","protected":false},"author":2,"featured_media":505895,"comment_status":"","ping_status":"","sticky":false,"template":"","format":"standard","meta":{"footnotes":""},"categories":[1832],"tags":[3364,29,30,40260,71,859],"class_list":{"0":"post-505894","1":"post","2":"type-post","3":"status-publish","4":"format-standard","5":"has-post-thumbnail","7":"category-leipzig","8":"tag-de","9":"tag-deutschland","10":"tag-germany","11":"tag-kunstkraftwerk","12":"tag-leipzig","13":"tag-sachsen"},"share_on_mastodon":{"url":"https:\/\/pubeurope.com\/@de\/115389742779077062","error":""},"_links":{"self":[{"href":"https:\/\/www.europesays.com\/de\/wp-json\/wp\/v2\/posts\/505894","targetHints":{"allow":["GET"]}}],"collection":[{"href":"https:\/\/www.europesays.com\/de\/wp-json\/wp\/v2\/posts"}],"about":[{"href":"https:\/\/www.europesays.com\/de\/wp-json\/wp\/v2\/types\/post"}],"author":[{"embeddable":true,"href":"https:\/\/www.europesays.com\/de\/wp-json\/wp\/v2\/users\/2"}],"replies":[{"embeddable":true,"href":"https:\/\/www.europesays.com\/de\/wp-json\/wp\/v2\/comments?post=505894"}],"version-history":[{"count":0,"href":"https:\/\/www.europesays.com\/de\/wp-json\/wp\/v2\/posts\/505894\/revisions"}],"wp:featuredmedia":[{"embeddable":true,"href":"https:\/\/www.europesays.com\/de\/wp-json\/wp\/v2\/media\/505895"}],"wp:attachment":[{"href":"https:\/\/www.europesays.com\/de\/wp-json\/wp\/v2\/media?parent=505894"}],"wp:term":[{"taxonomy":"category","embeddable":true,"href":"https:\/\/www.europesays.com\/de\/wp-json\/wp\/v2\/categories?post=505894"},{"taxonomy":"post_tag","embeddable":true,"href":"https:\/\/www.europesays.com\/de\/wp-json\/wp\/v2\/tags?post=505894"}],"curies":[{"name":"wp","href":"https:\/\/api.w.org\/{rel}","templated":true}]}}