{"id":505896,"date":"2025-10-17T13:28:10","date_gmt":"2025-10-17T13:28:10","guid":{"rendered":"https:\/\/www.europesays.com\/de\/505896\/"},"modified":"2025-10-17T13:28:10","modified_gmt":"2025-10-17T13:28:10","slug":"halloween-2025-in-duesseldorf-tipps-fuer-partys-und-events","status":"publish","type":"post","link":"https:\/\/www.europesays.com\/de\/505896\/","title":{"rendered":"Halloween 2025 in D\u00fcsseldorf &#8211; Tipps f\u00fcr Partys und Events"},"content":{"rendered":"<p class=\"text_ohne_einzug richtext text-em-55 !leading-serif mx-6 desktop:mx-0\">Gruselalarm in D\u00fcsseldorf: Bald steht <a href=\"https:\/\/rp-online.de\/thema\/halloween\/\" target=\"_blank\" rel=\"noopener\">Halloween<\/a> vor der T\u00fcr. Einst von irischen Einwanderern in die USA gebracht, schwappte der Trend, am 31. Oktober Halloween zu feiern, von dort aus Ende der 1990er-Jahre zur\u00fcck nach Europa, so auch nach Deutschland. Beliebt sind an Halloween das gruselige Verkleiden, Aush\u00f6hlen von K\u00fcrbissen, um die H\u00e4user ziehen (Kinder) und Party machen (Erwachsene). Durch den Feiertag Allerheiligen am 1. November k\u00f6nnen die Feiernden beruhigt den gruseligen Abend genie\u00dfen. Wo das in D\u00fcsseldorf geht \u2013 unsere Tipps.<\/p>\n","protected":false},"excerpt":{"rendered":"Gruselalarm in D\u00fcsseldorf: Bald steht Halloween vor der T\u00fcr. Einst von irischen Einwanderern in die USA gebracht, schwappte&hellip;\n","protected":false},"author":2,"featured_media":505897,"comment_status":"","ping_status":"","sticky":false,"template":"","format":"standard","meta":{"footnotes":""},"categories":[1831],"tags":[84797,3364,29,3405,26248,24396,126294,30,126292,75198,1209,2450,126293,30481,9717],"class_list":{"0":"post-505896","1":"post","2":"type-post","3":"status-publish","4":"format-standard","5":"has-post-thumbnail","7":"category-duesseldorf","8":"tag-halloween","9":"tag-de","10":"tag-deutschland","11":"tag-duesseldorf","12":"tag-familienfest","13":"tag-feiern","14":"tag-feiernden","15":"tag-germany","16":"tag-kfk","17":"tag-knittkuhl","18":"tag-nordrhein-westfalen","19":"tag-party","20":"tag-schaurig","21":"tag-schoenes","22":"tag-uhr"},"share_on_mastodon":{"url":"https:\/\/pubeurope.com\/@de\/115389746623720423","error":""},"_links":{"self":[{"href":"https:\/\/www.europesays.com\/de\/wp-json\/wp\/v2\/posts\/505896","targetHints":{"allow":["GET"]}}],"collection":[{"href":"https:\/\/www.europesays.com\/de\/wp-json\/wp\/v2\/posts"}],"about":[{"href":"https:\/\/www.europesays.com\/de\/wp-json\/wp\/v2\/types\/post"}],"author":[{"embeddable":true,"href":"https:\/\/www.europesays.com\/de\/wp-json\/wp\/v2\/users\/2"}],"replies":[{"embeddable":true,"href":"https:\/\/www.europesays.com\/de\/wp-json\/wp\/v2\/comments?post=505896"}],"version-history":[{"count":0,"href":"https:\/\/www.europesays.com\/de\/wp-json\/wp\/v2\/posts\/505896\/revisions"}],"wp:featuredmedia":[{"embeddable":true,"href":"https:\/\/www.europesays.com\/de\/wp-json\/wp\/v2\/media\/505897"}],"wp:attachment":[{"href":"https:\/\/www.europesays.com\/de\/wp-json\/wp\/v2\/media?parent=505896"}],"wp:term":[{"taxonomy":"category","embeddable":true,"href":"https:\/\/www.europesays.com\/de\/wp-json\/wp\/v2\/categories?post=505896"},{"taxonomy":"post_tag","embeddable":true,"href":"https:\/\/www.europesays.com\/de\/wp-json\/wp\/v2\/tags?post=505896"}],"curies":[{"name":"wp","href":"https:\/\/api.w.org\/{rel}","templated":true}]}}