{"id":505898,"date":"2025-10-17T13:29:10","date_gmt":"2025-10-17T13:29:10","guid":{"rendered":"https:\/\/www.europesays.com\/de\/505898\/"},"modified":"2025-10-17T13:29:10","modified_gmt":"2025-10-17T13:29:10","slug":"duesseldorf-prostituierte-ueberfallen-junge-bande-vor-gericht","status":"publish","type":"post","link":"https:\/\/www.europesays.com\/de\/505898\/","title":{"rendered":"D\u00fcsseldorf: Prostituierte \u00fcberfallen &#8211; junge Bande vor Gericht"},"content":{"rendered":"<p class=\"text_ohne_einzug richtext text-em-55 !leading-serif mx-6 desktop:mx-0\">Wegen zweier brutaler \u00dcberf\u00e4lle auf Prostituierte stehen derzeit vier D\u00fcsseldorfer im Alter zwischen 16 und 19 Jahren vor dem Landgericht. Die Vorw\u00fcrfe gegen die mutma\u00dfliche Bande wiegen schwer: schwerer Raub, gef\u00e4hrliche K\u00f6rperverletzung und in einem Fall schwerer sexueller \u00dcbergriff und versuchte Vergewaltigung. Zwei von ihnen waren zum Tatzeitpunkt im April 16 Jahre alt, die anderen 18. Sollten sie verurteilt werden, wird das Jugendstrafrecht angewendet.<\/p>\n","protected":false},"excerpt":{"rendered":"Wegen zweier brutaler \u00dcberf\u00e4lle auf Prostituierte stehen derzeit vier D\u00fcsseldorfer im Alter zwischen 16 und 19 Jahren vor&hellip;\n","protected":false},"author":2,"featured_media":505899,"comment_status":"","ping_status":"","sticky":false,"template":"","format":"standard","meta":{"footnotes":""},"categories":[1831],"tags":[7130,18961,10870,126296,126298,3364,29,3405,30,126295,31999,1209,47141,126297,32000],"class_list":{"0":"post-505898","1":"post","2":"type-post","3":"status-publish","4":"format-standard","5":"has-post-thumbnail","7":"category-duesseldorf","8":"tag-angeklagten","9":"tag-ausgeraubt","10":"tag-baende","11":"tag-brutale","12":"tag-brutalen","13":"tag-de","14":"tag-deutschland","15":"tag-duesseldorf","16":"tag-germany","17":"tag-mehrer","18":"tag-misshandelt","19":"tag-nordrhein-westfalen","20":"tag-prostituierte","21":"tag-sowas","22":"tag-ueberfallen"},"share_on_mastodon":{"url":"https:\/\/pubeurope.com\/@de\/115389750994110646","error":""},"_links":{"self":[{"href":"https:\/\/www.europesays.com\/de\/wp-json\/wp\/v2\/posts\/505898","targetHints":{"allow":["GET"]}}],"collection":[{"href":"https:\/\/www.europesays.com\/de\/wp-json\/wp\/v2\/posts"}],"about":[{"href":"https:\/\/www.europesays.com\/de\/wp-json\/wp\/v2\/types\/post"}],"author":[{"embeddable":true,"href":"https:\/\/www.europesays.com\/de\/wp-json\/wp\/v2\/users\/2"}],"replies":[{"embeddable":true,"href":"https:\/\/www.europesays.com\/de\/wp-json\/wp\/v2\/comments?post=505898"}],"version-history":[{"count":0,"href":"https:\/\/www.europesays.com\/de\/wp-json\/wp\/v2\/posts\/505898\/revisions"}],"wp:featuredmedia":[{"embeddable":true,"href":"https:\/\/www.europesays.com\/de\/wp-json\/wp\/v2\/media\/505899"}],"wp:attachment":[{"href":"https:\/\/www.europesays.com\/de\/wp-json\/wp\/v2\/media?parent=505898"}],"wp:term":[{"taxonomy":"category","embeddable":true,"href":"https:\/\/www.europesays.com\/de\/wp-json\/wp\/v2\/categories?post=505898"},{"taxonomy":"post_tag","embeddable":true,"href":"https:\/\/www.europesays.com\/de\/wp-json\/wp\/v2\/tags?post=505898"}],"curies":[{"name":"wp","href":"https:\/\/api.w.org\/{rel}","templated":true}]}}