{"id":505900,"date":"2025-10-17T13:30:15","date_gmt":"2025-10-17T13:30:15","guid":{"rendered":"https:\/\/www.europesays.com\/de\/505900\/"},"modified":"2025-10-17T13:30:15","modified_gmt":"2025-10-17T13:30:15","slug":"landespolitik-in-stuttgart-junge-menschen-sind-vom-umgang-im-landtag-enttaeuscht-baden-wuerttemberg","status":"publish","type":"post","link":"https:\/\/www.europesays.com\/de\/505900\/","title":{"rendered":"Landespolitik in Stuttgart: Junge Menschen sind vom Umgang im Landtag entt\u00e4uscht &#8211; Baden-W\u00fcrttemberg"},"content":{"rendered":"<p>Beim Stuttgarter Jugendlandrat treffen junge Menschen auf Politiker und erkl\u00e4ren, was sie von ihnen brauchen. Als die AfD zu Wort kommt, verlassen die Jugendlichen den Saal.<\/p>\n<p>Sp\u00e4testens am 8. M\u00e4rz 2026 wird sich das Konzept \u201eJugendlandtag\u201c f\u00fcr viele junge Menschen ausgezahlt haben. Dann ist Landtagswahl in <a href=\"https:\/\/www.esslinger-zeitung.de\/thema\/Baden-W%C3%BCrttemberg\" title=\"Baden-W\u00fcrttemberg\" class=\"art_thema\" target=\"_blank\" rel=\"noopener\">Baden-W\u00fcrttemberg<\/a>. Und zum ersten Mal werden die j\u00fcngsten W\u00e4hlerinnen und W\u00e4hler nicht mehr 18, sondern 16 Jahre alt sein. Das Wahlrecht ab 16 ist eine der Forderungen, die <a href=\"https:\/\/www.esslinger-zeitung.de\/thema\/Jugendliche\" title=\"Jugendliche\" class=\"art_thema\" target=\"_blank\" rel=\"noopener\">Jugendliche<\/a> und junge Erwachsene beim <a href=\"https:\/\/www.stuttgarter-zeitung.de\/inhalt.jugendliche-im-landtag-lobende-worte-zoegerliche-taten.43841586-d092-4b69-b2fd-e52fec4fe79a.html\" target=\"_blank\" rel=\"noopener\">Jugendlandtag 2019<\/a> gestellt hatten. Bei der kommenden Wahl wird es erstmals umgesetzt.<\/p>\n","protected":false},"excerpt":{"rendered":"Beim Stuttgarter Jugendlandrat treffen junge Menschen auf Politiker und erkl\u00e4ren, was sie von ihnen brauchen. Als die AfD&hellip;\n","protected":false},"author":2,"featured_media":505901,"comment_status":"","ping_status":"","sticky":false,"template":"","format":"standard","meta":{"footnotes":""},"categories":[1830],"tags":[74421,1634,3364,29,30,1722,74409,1985,1441],"class_list":{"0":"post-505900","1":"post","2":"type-post","3":"status-publish","4":"format-standard","5":"has-post-thumbnail","7":"category-stuttgart","8":"tag-jugendlandtag","9":"tag-baden-wuerttemberg","10":"tag-de","11":"tag-deutschland","12":"tag-germany","13":"tag-jugendliche","14":"tag-junge-erwachsene","15":"tag-landtag","16":"tag-stuttgart"},"share_on_mastodon":{"url":"https:\/\/pubeurope.com\/@de\/115389754611320503","error":""},"_links":{"self":[{"href":"https:\/\/www.europesays.com\/de\/wp-json\/wp\/v2\/posts\/505900","targetHints":{"allow":["GET"]}}],"collection":[{"href":"https:\/\/www.europesays.com\/de\/wp-json\/wp\/v2\/posts"}],"about":[{"href":"https:\/\/www.europesays.com\/de\/wp-json\/wp\/v2\/types\/post"}],"author":[{"embeddable":true,"href":"https:\/\/www.europesays.com\/de\/wp-json\/wp\/v2\/users\/2"}],"replies":[{"embeddable":true,"href":"https:\/\/www.europesays.com\/de\/wp-json\/wp\/v2\/comments?post=505900"}],"version-history":[{"count":0,"href":"https:\/\/www.europesays.com\/de\/wp-json\/wp\/v2\/posts\/505900\/revisions"}],"wp:featuredmedia":[{"embeddable":true,"href":"https:\/\/www.europesays.com\/de\/wp-json\/wp\/v2\/media\/505901"}],"wp:attachment":[{"href":"https:\/\/www.europesays.com\/de\/wp-json\/wp\/v2\/media?parent=505900"}],"wp:term":[{"taxonomy":"category","embeddable":true,"href":"https:\/\/www.europesays.com\/de\/wp-json\/wp\/v2\/categories?post=505900"},{"taxonomy":"post_tag","embeddable":true,"href":"https:\/\/www.europesays.com\/de\/wp-json\/wp\/v2\/tags?post=505900"}],"curies":[{"name":"wp","href":"https:\/\/api.w.org\/{rel}","templated":true}]}}