{"id":505906,"date":"2025-10-17T13:33:13","date_gmt":"2025-10-17T13:33:13","guid":{"rendered":"https:\/\/www.europesays.com\/de\/505906\/"},"modified":"2025-10-17T13:33:13","modified_gmt":"2025-10-17T13:33:13","slug":"buchpreis-gewinnerin-dorothee-elmiger-tritt-auf","status":"publish","type":"post","link":"https:\/\/www.europesays.com\/de\/505906\/","title":{"rendered":"Buchpreis-Gewinnerin Dorothee Elmiger tritt auf"},"content":{"rendered":"<p>Buchpreis-Gewinnerin <\/p>\n<p>So erleben Sie Dorothee Elmiger live auf der Buchmesse<\/p>\n<p>Aktualisiert am 17.10.2025 &#8211; 14:45 UhrLesedauer: 2 Min.<\/p>\n<p><a href=\"#focus-0\" class=\"transition-colors duration-200 block text-current relative\" data-sctrack=\"FocusGalleryImage.Reference\"><img fetchpriority=\"high\" data-testid=\"Opener.Image\" style=\"--lqipURL:url('https:\/\/images.t-online.de\/2025\/10\/7FNcrPPQxh0I\/0x209:4000x2250\/fit-in\/150x0\/filters:blur(25)\/buchmesse-frankfurt-2025-die-traegerin-des-deutschen-buchpreises-dorothee-elmiger-am-messestand-der-pro-helvetia-schweizer-kulturstiftung-buchmesse-frankfurt-am-16-oktober-2025-frankfurt-am-main-hessen-deutschland-messegelaende-frankfurt-book-fair-2025-the-winner-of-the-german-book-prize-dorothee-elmiger-at-the-pro-helvetia-swiss-arts-council-stand-frankfurt-book-fair-on-october-16-2025-frankfurt-am-main-hesse-germany-exhibition-grounds.jpg')\"   loading=\"eager\" src=\"https:\/\/www.europesays.com\/de\/wp-content\/uploads\/2025\/10\/buchmesse-frankfurt-2025-die-traegerin-des-deutschen-buchpreises-dorothee-elmiger-am-messestand-der-.jpeg\" alt=\"imago images 0837480377\" title=\"imago images 0837480377\" width=\"4000\" height=\"2250\" class=\"bg-[url:var(--lqipURL)] bg-cover bg-center flex h-full w-full max-w-full\" decoding=\"async\"\/><img style=\"--width:32;--height:32\" loading=\"lazy\" src=\"https:\/\/frankfurt.t-online.de\/s\/paper\/_next\/static\/media\/zoom-in.f7dae02f.svg\" alt=\"Vergr\u00f6\u00dfern des Bildes\" title=\"Vergr\u00f6\u00dfern des Bildes\" class=\"block h-[calc(var(--height)_\/_16_*_1rem)] w-[calc(var(--width)_\/_16_*_1rem)] max-w-none absolute bottom-8 right-8 rounded-4 bg-snow p-8\" decoding=\"async\"\/><\/a><\/p>\n<p>Die Tr\u00e4gerin des Deutschen Buchpreises, Dorothee Elmiger auf der Frankfurter Buchmesse. (Quelle: IMAGO\/J\u00fcrgen Kessler\/imago)<\/p>\n<p class=\"font-bold text-18 leading-17\">Mit ihrem Roman &#8222;die Holl\u00e4nderinnen&#8220; begeisterte sie die Jury des Deutschen Buchpreises. Auf der Frankfurter Buchmesse gibt sie mehrere Auftritte.<\/p>\n<p class=\"text-18 leading-17\">Sie ist die frisch gek\u00fcrte Gewinnerin des Deutschen Buchpreises und an diesem Wochenende auf der Frankfurter Buchmesse zu erleben. Zu sehen war Elmiger am Freitag zun\u00e4chst auf der Leseinsel der unabh\u00e4ngigen Verlage im Gespr\u00e4ch mit dem &#8222;B\u00f6rsenblatt&#8220;. Am Samstag trifft man sie am Stand der &#8222;Zeit&#8220; (Halle 3.1, F90).<\/p>\n<p class=\"text-18 leading-17\">Elmigers Roman, so die Jury des Buchpreises, sei &#8222;ein faszinierender Trip ins Herz der Finsternis&#8220;: ein Text voller Doppeldeutigkeiten, erz\u00e4hlt mit k\u00fchler Sprache, durchzogen von Angst und Orientierungslosigkeit. Im Mittelpunkt steht eine Theatergruppe, die im s\u00fcdamerikanischen Regenwald auf den Spuren zweier vermisster Backpackerinnen reist und dabei selbst aus der Bahn ger\u00e4t.<\/p>\n<p class=\"text-18 leading-17\">&#8222;Je tiefer sie sich im Dickicht und Morast verl\u00e4uft, desto mehr rei\u00dft Elmiger die Leser*innen in einen Sog der Angst&#8220;, hie\u00df es in der Begr\u00fcndung.<\/p>\n<p class=\"text-18 leading-17\">Die Schweizer Autorin, die in New York lebt, sagte im Interview, sie habe das Buch mehrfach fast abgebrochen. Der Schreibprozess habe sich \u00fcber Jahre gezogen, immer wieder h\u00e4tte sie alles verworfen. Erst gegen Ende habe sich &#8222;eine Handbremse gel\u00f6st&#8220;, dann sei der Roman &#8222;in einem beinahe fiebrigen Schreiben&#8220; fertig geworden.<\/p>\n","protected":false},"excerpt":{"rendered":"Buchpreis-Gewinnerin So erleben Sie Dorothee Elmiger live auf der Buchmesse Aktualisiert am 17.10.2025 &#8211; 14:45 UhrLesedauer: 2 Min.&hellip;\n","protected":false},"author":2,"featured_media":505907,"comment_status":"","ping_status":"","sticky":false,"template":"","format":"standard","meta":{"footnotes":""},"categories":[1829],"tags":[722,3092,70,50352,29,123986,2050,2051,53122,30,126299,2052],"class_list":{"0":"post-505906","1":"post","2":"type-post","3":"status-publish","4":"format-standard","5":"has-post-thumbnail","7":"category-frankfurt-am-main","8":"tag-722","9":"tag-3092","10":"tag-buchmesse","11":"tag-deutscher-buchpreis","12":"tag-deutschland","13":"tag-dorothee-elmiger","14":"tag-frankfurt","15":"tag-frankfurt-am-main","16":"tag-frankfurter-buchmesse","17":"tag-germany","18":"tag-hanser","19":"tag-hessen"},"share_on_mastodon":{"url":"https:\/\/pubeurope.com\/@de\/115389766364877837","error":""},"_links":{"self":[{"href":"https:\/\/www.europesays.com\/de\/wp-json\/wp\/v2\/posts\/505906","targetHints":{"allow":["GET"]}}],"collection":[{"href":"https:\/\/www.europesays.com\/de\/wp-json\/wp\/v2\/posts"}],"about":[{"href":"https:\/\/www.europesays.com\/de\/wp-json\/wp\/v2\/types\/post"}],"author":[{"embeddable":true,"href":"https:\/\/www.europesays.com\/de\/wp-json\/wp\/v2\/users\/2"}],"replies":[{"embeddable":true,"href":"https:\/\/www.europesays.com\/de\/wp-json\/wp\/v2\/comments?post=505906"}],"version-history":[{"count":0,"href":"https:\/\/www.europesays.com\/de\/wp-json\/wp\/v2\/posts\/505906\/revisions"}],"wp:featuredmedia":[{"embeddable":true,"href":"https:\/\/www.europesays.com\/de\/wp-json\/wp\/v2\/media\/505907"}],"wp:attachment":[{"href":"https:\/\/www.europesays.com\/de\/wp-json\/wp\/v2\/media?parent=505906"}],"wp:term":[{"taxonomy":"category","embeddable":true,"href":"https:\/\/www.europesays.com\/de\/wp-json\/wp\/v2\/categories?post=505906"},{"taxonomy":"post_tag","embeddable":true,"href":"https:\/\/www.europesays.com\/de\/wp-json\/wp\/v2\/tags?post=505906"}],"curies":[{"name":"wp","href":"https:\/\/api.w.org\/{rel}","templated":true}]}}