{"id":505910,"date":"2025-10-17T13:36:14","date_gmt":"2025-10-17T13:36:14","guid":{"rendered":"https:\/\/www.europesays.com\/de\/505910\/"},"modified":"2025-10-17T13:36:14","modified_gmt":"2025-10-17T13:36:14","slug":"muenchen-mann-schlaegt-auf-ehefrau-ein-und-verletzt-sie-schwer-muenchen","status":"publish","type":"post","link":"https:\/\/www.europesays.com\/de\/505910\/","title":{"rendered":"M\u00fcnchen: Mann schl\u00e4gt auf Ehefrau ein und verletzt sie schwer &#8211; M\u00fcnchen"},"content":{"rendered":"<p data-manual=\"paragraph\" data-schema-org-speakable=\"true\" class=\"css-1eosz7k\">In einem schweren Fall von h\u00e4uslicher Gewalt hat mittlerweile die Mordkommission die Ermittlungen \u00fcbernommen: Ein 46-j\u00e4hriger M\u00fcnchner hat am Dienstagvormittag seine 36-j\u00e4hrige vietnamesische Ehefrau in <a href=\"https:\/\/www.sueddeutsche.de\/thema\/Perlach\" target=\"_blank\" rel=\"noopener\">Perlach<\/a> geschlagen und sie dabei so schwer verletzt, dass die Tat nun als versuchtes T\u00f6tungsdelikt gef\u00fchrt wird.<\/p>\n<p data-manual=\"paragraph\" data-schema-org-speakable=\"true\" class=\"css-1eosz7k\">Gegen 10.45 Uhr erhielt die Polizei einen Notruf, dass eine Frau Hilfe brauche. \u00dcber ein Fenster verschafften sich die Beamten Zugang zu der Wohnung und fanden neben dem Mann die schwer verletzte Ehefrau vor: Sie wies zahlreiche H\u00e4matome auf, im Krankenhaus wurde auch noch eine Hirnblutung diagnostiziert. Die Frau befindet sich nicht in Lebensgefahr.<\/p>\n<p data-manual=\"paragraph\" data-schema-org-speakable=\"true\" class=\"css-1eosz7k\">Der Mann wurde in der Wohnung festgenommen. Er ist wegen K\u00f6rperverletzungs- und Diebstahlsdelikten vielfach polizeibekannt. Auch der h\u00e4uslichen Gewalt wurde er schon beschuldigt. Wegen der Tatumst\u00e4nde und der Schwere der Verletzungen bei der Frau f\u00fchrt die Mordkommission die weiteren Ermittlungen.<\/p>\n<p data-manual=\"paragraph\" data-schema-org-speakable=\"true\" class=\"css-1eosz7k\">Der Mann wirkte auf die Beamten psychisch auff\u00e4llig. Deshalb wurde er nach richterlichem Beschluss in eine psychiatrische Einrichtung gebracht.<\/p>\n","protected":false},"excerpt":{"rendered":"In einem schweren Fall von h\u00e4uslicher Gewalt hat mittlerweile die Mordkommission die Ermittlungen \u00fcbernommen: Ein 46-j\u00e4hriger M\u00fcnchner hat&hellip;\n","protected":false},"author":2,"featured_media":505911,"comment_status":"","ping_status":"","sticky":false,"template":"","format":"standard","meta":{"footnotes":""},"categories":[1827],"tags":[772,29,30,6452,1268,1974,27608,3093,42205,149],"class_list":{"0":"post-505910","1":"post","2":"type-post","3":"status-publish","4":"format-standard","5":"has-post-thumbnail","7":"category-muenchen","8":"tag-bayern","9":"tag-deutschland","10":"tag-germany","11":"tag-haeusliche-gewalt","12":"tag-muenchen","13":"tag-panorama","14":"tag-perlach","15":"tag-polizei-und-feuerwehr-in-muenchen","16":"tag-ramersdorf-perlach","17":"tag-sueddeutsche-zeitung"},"share_on_mastodon":{"url":"https:\/\/pubeurope.com\/@de\/115389778235472499","error":""},"_links":{"self":[{"href":"https:\/\/www.europesays.com\/de\/wp-json\/wp\/v2\/posts\/505910","targetHints":{"allow":["GET"]}}],"collection":[{"href":"https:\/\/www.europesays.com\/de\/wp-json\/wp\/v2\/posts"}],"about":[{"href":"https:\/\/www.europesays.com\/de\/wp-json\/wp\/v2\/types\/post"}],"author":[{"embeddable":true,"href":"https:\/\/www.europesays.com\/de\/wp-json\/wp\/v2\/users\/2"}],"replies":[{"embeddable":true,"href":"https:\/\/www.europesays.com\/de\/wp-json\/wp\/v2\/comments?post=505910"}],"version-history":[{"count":0,"href":"https:\/\/www.europesays.com\/de\/wp-json\/wp\/v2\/posts\/505910\/revisions"}],"wp:featuredmedia":[{"embeddable":true,"href":"https:\/\/www.europesays.com\/de\/wp-json\/wp\/v2\/media\/505911"}],"wp:attachment":[{"href":"https:\/\/www.europesays.com\/de\/wp-json\/wp\/v2\/media?parent=505910"}],"wp:term":[{"taxonomy":"category","embeddable":true,"href":"https:\/\/www.europesays.com\/de\/wp-json\/wp\/v2\/categories?post=505910"},{"taxonomy":"post_tag","embeddable":true,"href":"https:\/\/www.europesays.com\/de\/wp-json\/wp\/v2\/tags?post=505910"}],"curies":[{"name":"wp","href":"https:\/\/api.w.org\/{rel}","templated":true}]}}