{"id":505917,"date":"2025-10-17T13:40:10","date_gmt":"2025-10-17T13:40:10","guid":{"rendered":"https:\/\/www.europesays.com\/de\/505917\/"},"modified":"2025-10-17T13:40:10","modified_gmt":"2025-10-17T13:40:10","slug":"berlin-brandenburg-bewusstlose-frauen-vergewaltigt-angeklagter-gesteht","status":"publish","type":"post","link":"https:\/\/www.europesays.com\/de\/505917\/","title":{"rendered":"Berlin &#038; Brandenburg: Bewusstlose Frauen vergewaltigt: Angeklagter gesteht"},"content":{"rendered":"<p>                    Berlin &amp; Brandenburg<br \/>\n                Bewusstlose Frauen vergewaltigt: Angeklagter gesteht<\/p>\n<p>\t\t\t\t              17.10.2025, 15:18 Uhr<\/p>\n<p><strong>Ein 38-J\u00e4hriger wird wegen Vergewaltigung einer bewusstlosen Frau verurteilt. W\u00e4hrend des Prozesses werden weitere Vorw\u00fcrfe bekannt. Nun droht ihm auch Sicherungsverwahrung.<\/strong><\/p>\n<p>Berlin (dpa\/bb) &#8211; Drei Monate nach seiner Verurteilung wegen Vergewaltigung einer bewusstlosen Abiturientin hat ein 38-J\u00e4hriger in einem zweiten Prozess weitere Vorw\u00fcrfe zugegeben. Der 38-J\u00e4hrige habe die ihm vorgeworfenen Taten gestanden, ging aus einer Stellungnahme eines Verteidigers zu Handy-Auswertungen hervor. Die Aussage des Angeklagten vor dem Berliner Landgericht erfolgte bereits vor zehn Tagen unter Ausschluss der \u00d6ffentlichkeit.<\/p>\n<p>Dem 38-J\u00e4hrigen werden im aktuellen Prozess vier weitere Taten zulasten von zwei Frauen vorgeworfen. Bei dem Angeklagten handelt es sich m\u00f6glicherweise um einen Serient\u00e4ter. Dem Betriebswirt und ehemaligen Gesch\u00e4ftsf\u00fchrer droht im Falle einer Verurteilung auch anschlie\u00dfende Sicherungsverwahrung.<\/p>\n<p>Der Mann war Mitte Juli zu f\u00fcnfeinhalb Jahren Haft verurteilt worden. Nach \u00dcberzeugung des Gerichts hat er im April 2022 eine alkoholisierte 20-J\u00e4hrige zum Konsum von verschiedenen Drogen animiert und ihren desolaten Zustand ausgenutzt, um einseitig sexuelle Handlungen vorzunehmen. Den K\u00f6rper der bewusstlosen Abiturientin habe er mit frauenverachtenden Worten beschmiert und mehrere Videoaufnahmen gefertigt. Das Urteil ist noch nicht rechtskr\u00e4ftig.<\/p>\n<p>Handy-Auswertung f\u00fchrte zum zweiten Prozess<\/p>\n<p>Im aktuellen Prozess werden dem Mann Taten in dem Zeitraum von Februar 2020 bis M\u00e4rz 2021 vorgeworfen. Die beiden Anklagen, um die es nun geht, wurden auf Antrag der Nebenklage-Anw\u00e4ltinnen zum Schutz der betroffenen Frauen unter Ausschluss der \u00d6ffentlichkeit verlesen. Auch die Aussagen der beiden 47- und 29-j\u00e4hrigen Frauen sowie des Angeklagten erfolgten hinter verschlossenen T\u00fcren.\u00a0<\/p>\n<p>Die Vorw\u00fcrfe waren erst w\u00e4hrend des ersten Prozesses bekanntgeworden. Das Gericht sorgte damals daf\u00fcr, dass ein Handy des Angeklagten durch die Polizei vollst\u00e4ndig ausgewertet wurde. Als ihre Mandantinnen bei der Polizei mit Aufnahmen konfrontiert worden seien, seien sie schockiert gewesen, sagte eine Nebenklage-Anw\u00e4ltin am Rande. Sie h\u00e4tten bis zu dem Zeitpunkt nicht gewusst, &#8222;dass sie zu Opfern geworden waren&#8220;.\u00a0<\/p>\n<p>Ermittlungen gegen Polizisten<\/p>\n<p>Kritik gegen Polizeibeamte wurde bereits im ersten Prozess laut \u2013 inzwischen gibt es den Angaben zufolge interne Ermittlungen gegen Berliner Polizisten. Beamte, die im Fall der Abiturientin von einer Not\u00e4rztin alarmiert worden waren, sahen trotz Hinweisen auf Straftaten zun\u00e4chst keinen Anlass, zu ermitteln. Die Familie der damals 20-J\u00e4hrigen, die minutenlang reanimiert werden musste, erstattete Strafanzeige und beharrte auf Ermittlungen. Der Prozess wird am 4. November fortgesetzt.<\/p>\n","protected":false},"excerpt":{"rendered":"Berlin &amp; Brandenburg Bewusstlose Frauen vergewaltigt: Angeklagter gesteht 17.10.2025, 15:18 Uhr Ein 38-J\u00e4hriger wird wegen Vergewaltigung einer bewusstlosen&hellip;\n","protected":false},"author":2,"featured_media":505918,"comment_status":"","ping_status":"","sticky":false,"template":"","format":"standard","meta":{"footnotes":""},"categories":[1816],"tags":[1960,1958,1959,1957,4192,296,1956,96080,1890,29,3236,30],"class_list":{"0":"post-505917","1":"post","2":"type-post","3":"status-publish","4":"format-standard","5":"has-post-thumbnail","7":"category-brandenburg","8":"tag-aktuelle-nachrichten-aus-berlin-und-brandenburg","9":"tag-aktuelle-nachrichten-aus-brandenburg","10":"tag-aktuelle-news-aus-berlin-und-brandenburg","11":"tag-aktuelle-news-aus-brandenburg","12":"tag-angeklagter","13":"tag-berlin","14":"tag-berlin-und-brandenburg","15":"tag-bewusstlose","16":"tag-brandenburg","17":"tag-deutschland","18":"tag-frauen","19":"tag-germany"},"share_on_mastodon":{"url":"https:\/\/pubeurope.com\/@de\/115389794106608541","error":""},"_links":{"self":[{"href":"https:\/\/www.europesays.com\/de\/wp-json\/wp\/v2\/posts\/505917","targetHints":{"allow":["GET"]}}],"collection":[{"href":"https:\/\/www.europesays.com\/de\/wp-json\/wp\/v2\/posts"}],"about":[{"href":"https:\/\/www.europesays.com\/de\/wp-json\/wp\/v2\/types\/post"}],"author":[{"embeddable":true,"href":"https:\/\/www.europesays.com\/de\/wp-json\/wp\/v2\/users\/2"}],"replies":[{"embeddable":true,"href":"https:\/\/www.europesays.com\/de\/wp-json\/wp\/v2\/comments?post=505917"}],"version-history":[{"count":0,"href":"https:\/\/www.europesays.com\/de\/wp-json\/wp\/v2\/posts\/505917\/revisions"}],"wp:featuredmedia":[{"embeddable":true,"href":"https:\/\/www.europesays.com\/de\/wp-json\/wp\/v2\/media\/505918"}],"wp:attachment":[{"href":"https:\/\/www.europesays.com\/de\/wp-json\/wp\/v2\/media?parent=505917"}],"wp:term":[{"taxonomy":"category","embeddable":true,"href":"https:\/\/www.europesays.com\/de\/wp-json\/wp\/v2\/categories?post=505917"},{"taxonomy":"post_tag","embeddable":true,"href":"https:\/\/www.europesays.com\/de\/wp-json\/wp\/v2\/tags?post=505917"}],"curies":[{"name":"wp","href":"https:\/\/api.w.org\/{rel}","templated":true}]}}