{"id":505949,"date":"2025-10-17T13:56:23","date_gmt":"2025-10-17T13:56:23","guid":{"rendered":"https:\/\/www.europesays.com\/de\/505949\/"},"modified":"2025-10-17T13:56:23","modified_gmt":"2025-10-17T13:56:23","slug":"diese-7-milliardaers-familien-kennt-kaum-jemand-und-sie-kontrollieren-weltkonzerne","status":"publish","type":"post","link":"https:\/\/www.europesays.com\/de\/505949\/","title":{"rendered":"Diese 7 Milliard\u00e4rs-Familien kennt kaum jemand \u2013 und sie kontrollieren Weltkonzerne"},"content":{"rendered":"<p>\t\t\t\t\t<img loading=\"lazy\" decoding=\"async\" width=\"1800\" height=\"1200\" src=\"https:\/\/www.europesays.com\/de\/wp-content\/uploads\/2025\/10\/Collagen-Core-2.jpg\" class=\"attachment-original size-original\" alt=\"Georg Nemetschek, Maximilian Viessmann und Isolde Liebherr geh\u00f6ren zu reichsten Menschen in Deutschland. Ihre Familien verf\u00fcgen \u00fcber Milliarden.\"  data-portal-copyright=\"picture alliance \/ dpa | Bernd von Jutrczenka | Swen Pf\u00f6rtner \/ Sueddeutsche Zeitung | Rumpf, Stephan \/ Unsplash \/ Collage: Lea Oetjen, Business Insider\" \/><\/p>\n<p>\n\t\t\t\t\t\t\t\t\tGeorg Nemetschek, Maximilian Viessmann und Isolde Liebherr geh\u00f6ren zu reichsten Menschen in Deutschland. Ihre Familien verf\u00fcgen \u00fcber Milliarden.<\/p>\n<p>\t\t\t\t\t\t\t\t\tpicture alliance \/ dpa | Bernd von Jutrczenka | Swen Pf\u00f6rtner \/ Sueddeutsche Zeitung | Rumpf, Stephan \/ Unsplash \/ Collage: Lea Oetjen, Business Insider\n\t\t\t\t\t\t\t<\/p>\n<p>In Deutschland gibt es mehr Milliard\u00e4re denn je, doch viele von ihnen leben im Verborgenen.<\/p>\n<p>Diese sieben Unternehmerfamilien kontrollieren Milliardenkonzerne, ohne im Rampenlicht zu stehen.<\/p>\n<p>Von Viessmann bis Liebherr: Sie pr\u00e4gen zentrale Branchen und zeigen, wie stiller Reichtum funktioniert.<\/p>\n<p>Wenn in Deutschland \u00fcber <a href=\"https:\/\/www.businessinsider.de\/themen\/geld\/\" target=\"_blank\" rel=\"noreferrer noopener\">gro\u00dfen Reichtum<\/a> gesprochen wird, sind die bekannten Namen immer schnell genannt: Quandt, Porsche, Schwarz. Das sind Familien, die synonym f\u00fcr enorme Macht, Tradition und Milliarden an Euro gelten. Ihre Geschichten sind erz\u00e4hlt, ihre Gesichter bekannt. Doch w\u00e4hrend sie das Rampenlicht oft gewohnt sind, gibt es noch eine andere Liga des Wohlstands.<\/p>\n<p>Abseits \u00f6ffentlicher Aufmerksamkeit haben sich noch weitere Unternehmerdynastien etabliert, deren Verm\u00f6gen in die Milliarden geht \u2013 und die dennoch kaum jemand kennt. Sie <a href=\"https:\/\/www.businessinsider.de\/themen\/konzern\/\" target=\"_blank\" rel=\"noreferrer noopener\">besitzen Konzerne<\/a>, die in ihrem Segment absolute Weltmarktf\u00fchrer sind. Sie pr\u00e4gen Branchen, die das Fundament der deutschen Wirtschaft bilden. Und doch begegnet man den Namen der Milliard\u00e4re selten in den Medien.<\/p>\n<p>Diese Familien haben ein Milliarden-Verm\u00f6gen<\/p>\n<p>Das \u201e<a href=\"https:\/\/www.manager-magazin.de\/unternehmen\/ranking-das-sind-die-500-reichsten-deutschen-2025-exklusive-auswertung-a-6dae8282-759a-4caa-9d63-c924eb10af6f\" target=\"_blank\" rel=\"noreferrer noopener\">Manager Magazin<\/a>\u201c hat jetzt allerdings die Liste der 500 reichsten Deutschen ver\u00f6ffentlicht \u2013 und da tauchen auch Namen auf, die der breiten \u00d6ffentlichkeit kaum bekannt sein d\u00fcrften. Business Insider stellt euch insgesamt 7 <a href=\"https:\/\/www.businessinsider.de\/themen\/familie\/\" target=\"_blank\" rel=\"noreferrer noopener\">Familien<\/a> vor, die zu den reichsten Menschen in <a href=\"https:\/\/www.businessinsider.de\/themen\/deutschland\/\" target=\"_blank\" rel=\"noreferrer noopener\">Deutschland<\/a> geh\u00f6ren.<\/p>\n<p>7. <strong>Familie Nemetschek<\/strong><\/p>\n<p>Was in den 1960er-Jahren als Ingenieurb\u00fcro begann, ist heute ein milliardenschwerer Softwarekonzern: Die Nemetschek Group z\u00e4hlt zu den f\u00fchrenden Anbietern von Architektur-, Bau- und Designsoftware weltweit. Firmengr\u00fcnder Georg Nemetschek, der inzwischen 91 Jahre alt ist, hat fr\u00fch auf Digitalisierung gesetzt \u2013 ein strategischer Weitblick, der ihn zu einem der reichsten Unternehmer Deutschlands machte.<\/p>\n<p>\t\t\t\t\t<img loading=\"lazy\" decoding=\"async\" width=\"2560\" height=\"1714\" src=\"https:\/\/www.europesays.com\/de\/wp-content\/uploads\/2025\/10\/16923057-scaled.jpg\" class=\"attachment-original size-original\" alt=\"Das Foto zeigt Prof. Dipl.-Ing. Georg Nemetschek im Jahr 2009.\"  data-portal-copyright=\"picture-alliance \/ Sueddeutsche Zeitung Photo | Rumpf, Stephan\" \/><\/p>\n<p>\n\t\t\t\t\t\t\t\t\tDas Foto zeigt Prof. Dipl.-Ing. Georg Nemetschek im Jahr 2009.<\/p>\n<p>\t\t\t\t\t\t\t\t\tpicture-alliance \/ Sueddeutsche Zeitung Photo | Rumpf, Stephan\n\t\t\t\t\t\t\t<\/p>\n<p>Das \u201eManager Magazin\u201c sch\u00e4tzt das Verm\u00f6gen der Familie auf 7,3 Milliarden Euro, inklusive eines satten Plus von einer Milliarde im Vergleich zum Vorjahr entspricht und mit dem Tech-Boom zu erkl\u00e4ren ist. Denn: Bis heute h\u00e4lt die Familie bedeutende Anteile am Unternehmen und steht f\u00fcr den selten gewordenen Typus des vision\u00e4ren Ingenieursunternehmers \u2013 mit Erfolg. Der Konzern z\u00e4hlt mehr als 3000 Mitarbeitende in 142 L\u00e4ndern und schrieb zuletzt vielversprechende Zahlen.<\/p>\n<p>4. bis 6. <strong>Familien von Braunbehrens, Bode und Sethe<\/strong><\/p>\n<p>Weniger bekannt, aber wirtschaftlich einflussreich sind die Familien von Braunbehrens, Bode und Sethe. \u00dcber die Wegmann-Unternehmens-Holding kontrollieren sie den deutschen Teil des R\u00fcstungskonzerns KNDS N.V. (KMW + Nexter Defense Systems), der aus der Fusion von Krauss-Maffei Wegmann und dem franz\u00f6sischen Hersteller Nexter entstand und seinen Sitz in Amsterdam hat. <\/p>\n<p>\t\t\t\t\t<img loading=\"lazy\" decoding=\"async\" width=\"2560\" height=\"1687\" src=\"https:\/\/www.europesays.com\/de\/wp-content\/uploads\/2025\/10\/527821631-scaled.jpg\" class=\"attachment-original size-original\" alt=\"Die Familien halten sich vollends aus der \u00d6ffentlichkeit zur\u00fcck. Gr\u00fcnder des Milliarden-Imperiums war August Bode.\"  data-portal-copyright=\"picture alliance \/ Joko\" \/><\/p>\n<p>\n\t\t\t\t\t\t\t\t\tDie Familien halten sich vollends aus der \u00d6ffentlichkeit zur\u00fcck. Gr\u00fcnder des Milliarden-Imperiums war August Bode.<\/p>\n<p>\t\t\t\t\t\t\t\t\tpicture alliance \/ Joko\n\t\t\t\t\t\t\t<\/p>\n<p>Rund 26 Gesellschafter halten Anteile an der Holding, die wichtigsten Linien stammen dabei aus den drei Familien. Die Urspr\u00fcnge reichen zur\u00fcck bis August Bode, der bereits 1912 die Kasseler Waggonfabrik leitete \u2013 ein Unternehmen, aus dem sp\u00e4ter KMW hervorging. <\/p>\n<p>Heute besch\u00e4ftigt der Konzern etwa 3.000 Menschen und z\u00e4hlt zu den bedeutendsten Produzenten milit\u00e4rischer Fahrzeuge in Europa. Die Eigent\u00fcmerfamilien kontrollieren ein Verm\u00f6gen von 8 Milliarden Euro, treten jedoch kaum \u00f6ffentlich in Erscheinung. \u00dcbrigens: Aufgrund des R\u00fcstungsbooms erlebt auch das Verm\u00f6gen einen echten Boom \u2013 n\u00e4mlich ein Plus von 5,3 Milliarden im vergangenen Jahr. <\/p>\n<p>3. Familie <strong>Liebherr<\/strong><\/p>\n<p>Die Erfolgsgeschichte der Familie Liebherr begann 1949 im oberschw\u00e4bischen Kirchdorf an der Iller, als der Baumeister Hans Liebherr den ersten mobilen Turmdrehkran entwickelte \u2013 eine Innovation, die die Bauwirtschaft revolutionierte. Aus dieser Idee wuchs einer der gr\u00f6\u00dften Technologiekonzerne Europas, mit mehr als 50.000 Besch\u00e4ftigten und einem Jahresumsatz von \u00fcber 14 Milliarden Euro. <\/p>\n<p>\t\t\t\t\t<img loading=\"lazy\" decoding=\"async\" width=\"2560\" height=\"1775\" src=\"https:\/\/www.europesays.com\/de\/wp-content\/uploads\/2025\/10\/119001778-scaled.jpg\" class=\"attachment-original size-original\" alt=\"Isolde Liebherr (rechts) traf 2019 den Bundespr\u00e4sidenten Frank-Walter Steinmeier am Liebherr-Standort im bulgarischen Radinowo, wo rund 2.000 Mitarbeitende K\u00fchl- und Gefrierger\u00e4te fertigen.\"  data-portal-copyright=\"picture alliance \/ dpa | Bernd von Jutrczenka \" \/><\/p>\n<p>\n\t\t\t\t\t\t\t\t\tIsolde Liebherr (rechts) traf 2019 den Bundespr\u00e4sidenten Frank-Walter Steinmeier am Liebherr-Standort im bulgarischen Radinowo, wo rund 2.000 Mitarbeitende K\u00fchl- und Gefrierger\u00e4te fertigen.<\/p>\n<p>\t\t\t\t\t\t\t\t\tpicture alliance \/ dpa | Bernd von Jutrczenka\n\t\t\t\t\t\t\t<\/p>\n<p>Heute wird das Unternehmen von Isolde Liebherr und Willibald Liebherr, zwei Kindern des Gr\u00fcnders, gef\u00fchrt. Und: Auch Enkelgenerationen sind in leitenden Positionen aktiv. Die Liebherr-Gruppe ist bis heute vollst\u00e4ndig im Familienbesitz \u2013 ohne B\u00f6rsennotierung, ohne Fremdkapital. Ihr Verm\u00f6gen wird auf 9,5 Milliarden Euro gesch\u00e4tzt, doch die Familie bleibt ihrem Grundsatz treu, Reichtum als Verpflichtung zu sehen und nicht als B\u00fchne.<\/p>\n<p>2. Familie <strong>Brenninkmeijer<\/strong><\/p>\n<p>Die Wurzeln der Familie Brenninkmeijer reichen bis ins 19. Jahrhundert. Damals, im Jahr 1841, gr\u00fcndeten die Br\u00fcder Clemens und August Brenninkmeijer im niederl\u00e4ndischen Sneek den Textilh\u00e4ndler C&amp;A. Was als Stoffgesch\u00e4ft begann, wurde zu einem internationalen Modekonzern mit 1300 Filialen in mehr als 20 L\u00e4ndern. <\/p>\n<p>Die Familie Brenninkmeijer verf\u00fcgt \u00fcber ein Verm\u00f6gen von 14,2 Milliarden Euro, inklusive eines Plus von 700 Millionen im vergangenen Jahr. Das Geld der Milliard\u00e4re wird \u00fcber die Cofra Holding AG in Zug (Schweiz) verwaltet und investiert.<\/p>\n<p>Lest auch<\/p>\n<p>\t\t\t\t\t\t\t\t\t<img loading=\"lazy\" decoding=\"async\" width=\"200\" height=\"200\" src=\"https:\/\/www.europesays.com\/de\/wp-content\/uploads\/2025\/10\/394596977-200x200.jpg\" class=\"attachment-thumbnail-square size-thumbnail-square\" alt=\"Die Anf\u00e4nge der Modekette reichen bis zum Jahr 1841 zur\u00fcck.\"  \/><\/p>\n<p>\t\t\t\t\t\t\t\t<a href=\"https:\/\/www.businessinsider.de\/wirtschaft\/handel\/inhaberfamilie-uebernimmt-ca-so-tickt-die-geheimnisvolle-dynastie\/\" class=\"wp-block-inline-teaser__link \" target=\"_blank\" rel=\"noopener\"><br \/>\n\t\t\t\t\tInhaberfamilie wieder an der Macht bei C&amp;A: So tickt die geheimnisvolle Brenninkmeijers-Dynastie<br \/>\n\t\t\t\t<\/a><\/p>\n<p>Neben C&amp;A geh\u00f6ren zur Cofra-Gruppe auch etliche Immobilien- und Beteiligungsunternehmen. Die Familie z\u00e4hlt mehr als 500 Mitglieder und ist bekannt f\u00fcr ihre katholische Pr\u00e4gung und ihre extreme Diskretion: \u00f6ffentliche Auftritte oder Interviews gibt es praktisch nicht. Und dennoch ist ihr Einfluss wahrlich enorm \u2013 nicht nur im Handel, sondern auch in Finanz- und Immobilienm\u00e4rkten.<\/p>\n<p>1. <strong>Familie Viessmann<\/strong><\/p>\n<p>Kaum eine Marke steht so sehr f\u00fcr deutschen Mittelstand wie Viessmann. Aus einem Heiztechnikbetrieb in Nordhessen ist ein internationaler Konzern geworden, der heute L\u00f6sungen f\u00fcr Energie, Klima und K\u00fchlung anbietet. Die Familie hat fr\u00fch erkannt, wie wichtig Nachhaltigkeit und technologische Transformation sind \u2013 und das Unternehmen konsequent auf Zukunftsm\u00e4rkte ausgerichtet. <\/p>\n<p>\t\t\t\t\t<img loading=\"lazy\" decoding=\"async\" width=\"2560\" height=\"1706\" src=\"https:\/\/www.europesays.com\/de\/wp-content\/uploads\/2025\/10\/89816124-scaled.jpg\" class=\"attachment-original size-original\" alt=\"Maximilian Viessmann (links) lernte bei einem Termin im Jahr 2017 die damalige Bundeskanzlerin Angela Merkel kennen \u2013 und zwar bei der Einweihung des Forschungs- und Entwicklungszentrums seiner Firma. \"  data-portal-copyright=\"picture alliance \/ Swen Pf\u00f6rtner\/dpa | Swen Pf\u00f6rtner\" \/><\/p>\n<p>\n\t\t\t\t\t\t\t\t\tMaximilian Viessmann (links) lernte bei einem Termin im Jahr 2017 die damalige Bundeskanzlerin Angela Merkel kennen \u2013 und zwar bei der Einweihung des Forschungs- und Entwicklungszentrums seiner Firma. <\/p>\n<p>\t\t\t\t\t\t\t\t\tpicture alliance \/ Swen Pf\u00f6rtner\/dpa | Swen Pf\u00f6rtner\n\t\t\t\t\t\t\t<\/p>\n<p>Nach dem teilweisen Verkauf an den US-Konzern Carrier Global konzentriert sich die Familie nun auf neue Gesch\u00e4ftsfelder \u2013 und bleibt damit eine der wohlhabendsten in Deutschland. Laut des \u201eManager Magazin\u201c verf\u00fcgt die Familie \u00fcber ein Verm\u00f6gen von 14,2 Milliarden Euro, was 300 Millionen weniger sind als im Vorjahr.<\/p>\n<p>Gesch\u00e4ftsf\u00fchrer der Unternehmensgruppe ist der erst 36-j\u00e4hrige Maximilian Viessmann. Er ist studierter Wirtschaftsingenieur und sammelte erste Job-Erfahrungen als Berater bei der Boston Consulting Group in M\u00fcnchen und Schanghai. Dann betreute er als sogenannter \u201eBusiness Angel\u201c mehrere Start-ups als Begleiter, Berater und Investor. Im Jahr 2015 trat er ins familieneigene Unternehmen ein, das sein Uropa im Jahr 1917 gegr\u00fcndet hatte. \u201e<a href=\"https:\/\/www.forbes.com\/billionaires\/\" target=\"_blank\" rel=\"noreferrer noopener\">Forbes<\/a>\u201c sch\u00e4tzt allein sein Verm\u00f6gen auf 6,1\u00a0Milliarden Euro.<\/p>\n","protected":false},"excerpt":{"rendered":"Georg Nemetschek, Maximilian Viessmann und Isolde Liebherr geh\u00f6ren zu reichsten Menschen in Deutschland. Ihre Familien verf\u00fcgen \u00fcber Milliarden.&hellip;\n","protected":false},"author":2,"featured_media":505950,"comment_status":"","ping_status":"","sticky":false,"template":"","format":"standard","meta":{"footnotes":""},"categories":[134],"tags":[175,170,169,29,666,30,1093,171,174,2268,12999,9974,173,172],"class_list":{"0":"post-505949","1":"post","2":"type-post","3":"status-publish","4":"format-standard","5":"has-post-thumbnail","7":"category-unternehmen-maerkte","8":"tag-business","9":"tag-companies","10":"tag-companies-markets","11":"tag-deutschland","12":"tag-geld","13":"tag-germany","14":"tag-luxus","15":"tag-markets","16":"tag-maerkte","17":"tag-milliardaer","18":"tag-millionaere","19":"tag-reichtum","20":"tag-unternehmen","21":"tag-unternehmen-maerkte"},"share_on_mastodon":{"url":"https:\/\/pubeurope.com\/@de\/115389857708801224","error":""},"_links":{"self":[{"href":"https:\/\/www.europesays.com\/de\/wp-json\/wp\/v2\/posts\/505949","targetHints":{"allow":["GET"]}}],"collection":[{"href":"https:\/\/www.europesays.com\/de\/wp-json\/wp\/v2\/posts"}],"about":[{"href":"https:\/\/www.europesays.com\/de\/wp-json\/wp\/v2\/types\/post"}],"author":[{"embeddable":true,"href":"https:\/\/www.europesays.com\/de\/wp-json\/wp\/v2\/users\/2"}],"replies":[{"embeddable":true,"href":"https:\/\/www.europesays.com\/de\/wp-json\/wp\/v2\/comments?post=505949"}],"version-history":[{"count":0,"href":"https:\/\/www.europesays.com\/de\/wp-json\/wp\/v2\/posts\/505949\/revisions"}],"wp:featuredmedia":[{"embeddable":true,"href":"https:\/\/www.europesays.com\/de\/wp-json\/wp\/v2\/media\/505950"}],"wp:attachment":[{"href":"https:\/\/www.europesays.com\/de\/wp-json\/wp\/v2\/media?parent=505949"}],"wp:term":[{"taxonomy":"category","embeddable":true,"href":"https:\/\/www.europesays.com\/de\/wp-json\/wp\/v2\/categories?post=505949"},{"taxonomy":"post_tag","embeddable":true,"href":"https:\/\/www.europesays.com\/de\/wp-json\/wp\/v2\/tags?post=505949"}],"curies":[{"name":"wp","href":"https:\/\/api.w.org\/{rel}","templated":true}]}}