{"id":505955,"date":"2025-10-17T13:59:12","date_gmt":"2025-10-17T13:59:12","guid":{"rendered":"https:\/\/www.europesays.com\/de\/505955\/"},"modified":"2025-10-17T13:59:12","modified_gmt":"2025-10-17T13:59:12","slug":"csu-buergermeister-vor-club-in-muenchen-wegen-kokain-fund-festgenommen-regional","status":"publish","type":"post","link":"https:\/\/www.europesays.com\/de\/505955\/","title":{"rendered":"CSU-B\u00fcrgermeister vor Club in M\u00fcnchen wegen Kokain-Fund festgenommen | Regional"},"content":{"rendered":"<p>Die CSU f\u00e4hrt eine harte Drogen-Politik, lehnt u. a. entschieden die Cannabis-Legalisierung ab. Bei einer Kontrolle am Hauptbahnhof in M\u00fcnchen ging den Beamten jetzt ein CSU-Politiker ins Netz, der noch ganz andere Mittel bei sich hatte: Drogen-Fund bei B\u00fcrgermeister Thomas Pardeller (37)!<\/p>\n<p><b>Warum die Polizei den Politiker fesseln musste, was der Vorfall f\u00fcr die kommenden Kommunalwahlen 2026 bedeutet und wie der CSU-Mann selbst reagierte, sowie alle Hintergr\u00fcnde zum Fall, lesen Sie mit BILDplus.<\/b><\/p>\n","protected":false},"excerpt":{"rendered":"Die CSU f\u00e4hrt eine harte Drogen-Politik, lehnt u. a. entschieden die Cannabis-Legalisierung ab. Bei einer Kontrolle am Hauptbahnhof&hellip;\n","protected":false},"author":2,"featured_media":505956,"comment_status":"","ping_status":"","sticky":false,"template":"","format":"standard","meta":{"footnotes":""},"categories":[5],"tags":[772,8389,774,5895,433,980,13,12301,1346,126306,1268,14,15,121,12,45,10,8,9,11],"class_list":{"0":"post-505955","1":"post","2":"type-post","3":"status-publish","4":"format-standard","5":"has-post-thumbnail","7":"category-nachrichten","8":"tag-bayern","9":"tag-buergermeister","10":"tag-csu","11":"tag-disko","12":"tag-drogen","13":"tag-festnahme","14":"tag-headlines","15":"tag-keim-karl","16":"tag-kokain","17":"tag-kommunalwahlen-bayern","18":"tag-muenchen","19":"tag-nachrichten","20":"tag-news","21":"tag-polizei","22":"tag-schlagzeilen","23":"tag-texttospeech","24":"tag-top-news","25":"tag-top-meldungen","26":"tag-topmeldungen","27":"tag-topnews"},"share_on_mastodon":{"url":"https:\/\/pubeurope.com\/@de\/115389868698015360","error":""},"_links":{"self":[{"href":"https:\/\/www.europesays.com\/de\/wp-json\/wp\/v2\/posts\/505955","targetHints":{"allow":["GET"]}}],"collection":[{"href":"https:\/\/www.europesays.com\/de\/wp-json\/wp\/v2\/posts"}],"about":[{"href":"https:\/\/www.europesays.com\/de\/wp-json\/wp\/v2\/types\/post"}],"author":[{"embeddable":true,"href":"https:\/\/www.europesays.com\/de\/wp-json\/wp\/v2\/users\/2"}],"replies":[{"embeddable":true,"href":"https:\/\/www.europesays.com\/de\/wp-json\/wp\/v2\/comments?post=505955"}],"version-history":[{"count":0,"href":"https:\/\/www.europesays.com\/de\/wp-json\/wp\/v2\/posts\/505955\/revisions"}],"wp:featuredmedia":[{"embeddable":true,"href":"https:\/\/www.europesays.com\/de\/wp-json\/wp\/v2\/media\/505956"}],"wp:attachment":[{"href":"https:\/\/www.europesays.com\/de\/wp-json\/wp\/v2\/media?parent=505955"}],"wp:term":[{"taxonomy":"category","embeddable":true,"href":"https:\/\/www.europesays.com\/de\/wp-json\/wp\/v2\/categories?post=505955"},{"taxonomy":"post_tag","embeddable":true,"href":"https:\/\/www.europesays.com\/de\/wp-json\/wp\/v2\/tags?post=505955"}],"curies":[{"name":"wp","href":"https:\/\/api.w.org\/{rel}","templated":true}]}}