{"id":505959,"date":"2025-10-17T14:01:20","date_gmt":"2025-10-17T14:01:20","guid":{"rendered":"https:\/\/www.europesays.com\/de\/505959\/"},"modified":"2025-10-17T14:01:20","modified_gmt":"2025-10-17T14:01:20","slug":"neues-streetworker-team-hilft-obdachlosen-und-suchtkranken","status":"publish","type":"post","link":"https:\/\/www.europesays.com\/de\/505959\/","title":{"rendered":"Neues Streetworker-Team hilft Obdachlosen und Suchtkranken"},"content":{"rendered":"<p>Hilfe f\u00fcr Suchtkranke und Obdachlose <\/p>\n<p>Neues Streetworker-Team ist in Aachen unterwegs<\/p>\n<p>17.10.2025 &#8211; 14:19 UhrLesedauer: 3 Min.<\/p>\n<p><a href=\"#focus-0\" class=\"transition-colors duration-200 block text-current relative\" data-sctrack=\"FocusGalleryImage.Reference\"><img fetchpriority=\"high\" data-testid=\"Opener.Image\" style=\"--lqipURL:url('https:\/\/images.t-online.de\/2025\/10\/U0CFMXX84lfS\/0x163:1920x1080\/fit-in\/150x0\/filters:blur(25)\/neues-streetworker-team-ist-in-aachen-unterwegs.jpg')\"   loading=\"eager\" src=\"https:\/\/www.europesays.com\/de\/wp-content\/uploads\/2025\/10\/neues-streetworker-team-ist-in-aachen-unterwegs.jpg\" alt=\"Sozialdezernent Thomas Hissel, Teamleiterin Jannika Masloh sowie die Streetworker Janina Alvarez Leal und Christoph Casper (v.l.n.r.): Die Streetworker sind montags bis freitags unterwegs.\" title=\"Sozialdezernent Thomas Hissel, Teamleiterin Jannika Masloh sowie die Streetworker Janina Alvarez Leal und Christoph Casper (v.l.n.r.): Die Streetworker sind montags bis freitags unterwegs.\" width=\"1920\" height=\"1080\" class=\"bg-[url:var(--lqipURL)] bg-cover bg-center flex h-full w-full max-w-full\" decoding=\"async\"\/><img style=\"--width:32;--height:32\" loading=\"lazy\" src=\"https:\/\/www.t-online.de\/s\/paper\/_next\/static\/media\/zoom-in.f7dae02f.svg\" alt=\"Vergr\u00f6\u00dfern des Bildes\" title=\"Vergr\u00f6\u00dfern des Bildes\" class=\"block h-[calc(var(--height)_\/_16_*_1rem)] w-[calc(var(--width)_\/_16_*_1rem)] max-w-none absolute bottom-8 right-8 rounded-4 bg-snow p-8\" decoding=\"async\"\/><\/a><\/p>\n<p>Sozialdezernent Thomas Hissel, Teamleiterin Jannika Masloh sowie die Streetworker Janina Alvarez Leal und Christoph Casper (v.l.n.r.): Die Streetworker sind montags bis freitags unterwegs. (Quelle: Stadt Aachen)<\/p>\n<p>Vorlesen<a rel=\"nofollow noopener\" target=\"_blank\" class=\"transition-colors duration-200 cursor-pointer text-inherit no-underline group grid items-center rounded-8 bg-whitelilac text-black grid-cols-[min-content_34px] gap-8 px-8 py-[6px] text-12 hover:bg-magenta hover:text-whitelilac hover:dark:text-salemsfur\" href=\"https:\/\/news.google.com\/publications\/CAAiEIJQzYzeY7hM4UzfQTU6gT8qFAgKIhCCUM2M3mO4TOFM30E1OoE_?hl=de&amp;gl=DE&amp;ceid=DE%3Ade\" aria-label=\"Auf Google News folgen\">News folgen<\/a><img style=\"--width:16;--height:16\" loading=\"lazy\" src=\"https:\/\/www.t-online.de\/s\/paper\/_next\/static\/media\/sharing-menu-icon.1eb71368.svg\" alt=\"Teilen Menu auf machen\" title=\"Teilen Menu auf machen\" class=\"block h-[calc(var(--height)_\/_16_*_1rem)] w-[calc(var(--width)_\/_16_*_1rem)] max-w-none group-hover:contrast-200 group-hover:grayscale group-hover:invert dark:group-hover:invert dark:contrast-200 dark:grayscale dark:invert\" decoding=\"async\"\/>Artikel teilen<\/p>\n<p class=\"font-bold text-18 leading-17\">Das von der Stadt beschlossene Konzept nimmt Formen an: Zwei st\u00e4dtische Streetworker sind seit August in Aachen unterwegs. Sie helfen obdachlosen und suchtkranken Menschen.<\/p>\n<p class=\"text-18 leading-17\">Die Stadt <a class=\"transition-colors duration-200 cursor-pointer text-inherit no-underline text-salemsfur md:hover:text-magenta md:hover:border-magenta md:focus:text-magenta border-current border-b border-solid break-words\" href=\"https:\/\/www.t-online.de\/themen\/aachen\/\" data-sctrack=\"BodyAnchor\" rel=\"nofollow noopener\" target=\"_blank\">Aachen<\/a> hat ihr neues Team der Stra\u00dfensozialarbeit komplettiert. Seit Mitte August sind zwei Streetworker im Einsatz, die Menschen in schwierigen Lebenslagen direkt auf der Stra\u00dfe ansprechen und unterst\u00fctzen. Das Team ist Teil des &#8222;Integrierten Konzepts f\u00fcr Attraktivit\u00e4t und Sicherheit&#8220; (IKAS), das der Stadtrat am 9. Oktober 2024 beschlossen hat.<\/p>\n<p class=\"text-18 leading-17\">Das Konzept basiert auf dem sogenannten Kleeblatt-Modell mit vier Handlungsfeldern: ordnungspolitische Ma\u00dfnahmen, Ma\u00dfnahmen im \u00f6ffentlichen Raum, Kommunikation und Sensibilisierung sowie sozialpolitische Ma\u00dfnahmen. Die neu geschaffene Stra\u00dfensozialarbeit geh\u00f6rt zur letzten Kategorie.<\/p>\n<p class=\"text-18 leading-17\">Mit dem Projekt will die Stadt auf zunehmende soziale Problemlagen im \u00f6ffentlichen Raum reagieren. Dazu geh\u00f6ren eine wachsende Drogenszene, steigende Obdachlosigkeit und Bettelei in der Innenstadt. Die st\u00e4dtische Stra\u00dfensozialarbeit richtet sich an vollj\u00e4hrige Menschen, die von Wohnungslosigkeit, Obdachlosigkeit, Sucht, psychischen Erkrankungen oder anderen sozialen Benachteiligungen betroffen sind.<\/p>\n<p class=\"text-18 leading-17\">&#8222;Wir wollen ansprechbar, hilfsbereit und sichtbar sein \u2013 sowohl f\u00fcr die allgemeine Stadtgesellschaft als auch f\u00fcr die Betroffenen&#8220;, sagte Aachens Beigeordneter f\u00fcr Wohnen, Soziales und Wirtschaft, Thomas Hissel, bei der Vorstellung des Projekts. Er betonte, dass der Mensch im Mittelpunkt stehen m\u00fcsse. Viele der Betroffenen gerieten durch Krankheit, Trennung oder Arbeitsverlust in Notlagen.<\/p>\n<p class=\"text-18 leading-17\">Das neue Team besteht aus Janine Alvarez Leal und Christoph Casper. Beide sind im Fachbereich Wohnen, Soziales und Integration angesiedelt. Seit ihrem Start f\u00fchrten sie nach Angaben der Stadt 229 Gespr\u00e4che auf der Stra\u00dfe, nahmen 32 Beratungen vor und begleiteten zw\u00f6lf Personen zu Beh\u00f6rden- oder Arztterminen.<\/p>\n<p class=\"text-18 leading-17\">Die Streetworker sind montags bis freitags mehrere Stunden pro Tag unterwegs, meist in der Innenstadt. Neben Gespr\u00e4chen im \u00f6ffentlichen Raum bieten sie auch Sprechstunden im Verwaltungsgeb\u00e4ude am Bahnhofsplatz an. Dort stehen sie B\u00fcrgerinnen und B\u00fcrgern, Gesch\u00e4ftsinhabern und Anwohnern f\u00fcr Fragen oder Hinweise zur Verf\u00fcgung.<\/p>\n<p class=\"text-18 leading-17\">Streetworker Christoph Casper erkl\u00e4rte: &#8222;Der Fokus liegt aktuell darauf, erste Kontakte zur Zielgruppe herzustellen, Vertrauen aufzubauen und unmittelbare Unterst\u00fctzung anzubieten.&#8220; Das Angebot werde bereits gut angenommen.<\/p>\n<p class=\"text-18 leading-17\">Teamleiterin Jannika Masloh betonte, man sehe die Betroffenen als &#8222;Expertinnen und Experten f\u00fcr das eigene Leben&#8220;. Die Streetworker seien keine Durchsetzungsinstanz, sondern arbeiteten sozialp\u00e4dagogisch an Pr\u00e4vention und Intervention.<\/p>\n<p class=\"text-18 leading-17\">Um Doppelstrukturen zu vermeiden, stimmt sich das Team regelm\u00e4\u00dfig mit bestehenden Hilfsangeboten ab. Dazu geh\u00f6ren etwa das Caf\u00e9 Plattform, Housing First des WABe e. V. und die Caritas Suchthilfe. Auch au\u00dferhalb der Innenstadt, in den Aachener Au\u00dfenbezirken, werden Streetwork-Eins\u00e4tze vorgenommen, wenn Hinweise aus der Bev\u00f6lkerung eingehen.<\/p>\n<p class=\"text-18 leading-17\">Die Streetworker sind an ihren schwarzen Jacken mit gelben Buttons zu erkennen. Erreichbar ist das Team telefonisch unter 0241 432-56010 oder per Mail an strassensozialarbeit@mail.aachen.de.<\/p>\n<p class=\"text-18 leading-17\">Ein zentraler Punkt des IKAS ist die Einf\u00fchrung von &#8222;Bettelverbotszonen&#8220; in bestimmten Bereichen der Innenstadt. Dazu z\u00e4hlen der Dom, das Rathaus, der Kaiserplatz und Teile der Burtscheider Fu\u00dfg\u00e4ngerzone. Dort soll Betteln im Umkreis von f\u00fcnf Metern zu Geldautomaten, Haltestellen, Ladenlokalen oder Restaurants verboten sein.<\/p>\n","protected":false},"excerpt":{"rendered":"Hilfe f\u00fcr Suchtkranke und Obdachlose Neues Streetworker-Team ist in Aachen unterwegs 17.10.2025 &#8211; 14:19 UhrLesedauer: 3 Min. Sozialdezernent&hellip;\n","protected":false},"author":2,"featured_media":505960,"comment_status":"","ping_status":"","sticky":false,"template":"","format":"standard","meta":{"footnotes":""},"categories":[1853],"tags":[722,1424,126314,24717,83731,126309,3364,29,17184,548,663,3934,30,13,126312,126311,14,15,1209,11891,12,126313,126310],"class_list":{"0":"post-505959","1":"post","2":"type-post","3":"status-publish","4":"format-standard","5":"has-post-thumbnail","7":"category-aachen","8":"tag-722","9":"tag-aachen","10":"tag-bettelei","11":"tag-bettelverbot","12":"tag-bettelverbotszone","13":"tag-christoph-casper","14":"tag-de","15":"tag-deutschland","16":"tag-drogensucht","17":"tag-eu","18":"tag-europa","19":"tag-europe","20":"tag-germany","21":"tag-headlines","22":"tag-janina-alvarez","23":"tag-jannika-masloh","24":"tag-nachrichten","25":"tag-news","26":"tag-nordrhein-westfalen","27":"tag-obdachlosigkeit","28":"tag-schlagzeilen","29":"tag-strassensozialarbeit","30":"tag-thomas-hissel"},"share_on_mastodon":{"url":"https:\/\/pubeurope.com\/@de\/115389877083960678","error":""},"_links":{"self":[{"href":"https:\/\/www.europesays.com\/de\/wp-json\/wp\/v2\/posts\/505959","targetHints":{"allow":["GET"]}}],"collection":[{"href":"https:\/\/www.europesays.com\/de\/wp-json\/wp\/v2\/posts"}],"about":[{"href":"https:\/\/www.europesays.com\/de\/wp-json\/wp\/v2\/types\/post"}],"author":[{"embeddable":true,"href":"https:\/\/www.europesays.com\/de\/wp-json\/wp\/v2\/users\/2"}],"replies":[{"embeddable":true,"href":"https:\/\/www.europesays.com\/de\/wp-json\/wp\/v2\/comments?post=505959"}],"version-history":[{"count":0,"href":"https:\/\/www.europesays.com\/de\/wp-json\/wp\/v2\/posts\/505959\/revisions"}],"wp:featuredmedia":[{"embeddable":true,"href":"https:\/\/www.europesays.com\/de\/wp-json\/wp\/v2\/media\/505960"}],"wp:attachment":[{"href":"https:\/\/www.europesays.com\/de\/wp-json\/wp\/v2\/media?parent=505959"}],"wp:term":[{"taxonomy":"category","embeddable":true,"href":"https:\/\/www.europesays.com\/de\/wp-json\/wp\/v2\/categories?post=505959"},{"taxonomy":"post_tag","embeddable":true,"href":"https:\/\/www.europesays.com\/de\/wp-json\/wp\/v2\/tags?post=505959"}],"curies":[{"name":"wp","href":"https:\/\/api.w.org\/{rel}","templated":true}]}}