{"id":505961,"date":"2025-10-17T14:02:11","date_gmt":"2025-10-17T14:02:11","guid":{"rendered":"https:\/\/www.europesays.com\/de\/505961\/"},"modified":"2025-10-17T14:02:11","modified_gmt":"2025-10-17T14:02:11","slug":"bayern-klose-bangt-um-taktgeber-weiteren-schritt-gegen-kiel","status":"publish","type":"post","link":"https:\/\/www.europesays.com\/de\/505961\/","title":{"rendered":"Bayern: Klose bangt um Taktgeber &#8211; &#8222;Weiteren Schritt&#8220; gegen Kiel"},"content":{"rendered":"<p>                    Bayern<br \/>\n                Klose bangt um Taktgeber &#8211; &#8222;Weiteren Schritt&#8220; gegen Kiel<\/p>\n<p>\t\t\t\t              17.10.2025, 15:53 Uhr<\/p>\n<p><strong>War das der Wendepunkt? Nach dem Sieg in D\u00fcsseldorf hofft der 1. FC N\u00fcrnberg, den Schwung auch nach der L\u00e4nderspielpause mitnehmen zu k\u00f6nnen. Ein wichtiger Spieler droht auszufallen.<\/strong><\/p>\n<p>N\u00fcrnberg (dpa\/lby) &#8211; Der Schwung der Sieg-Erl\u00f6sung &#8211; Miroslav Klose hofft, dass das beim 1. FC N\u00fcrnberg durch die Pause nicht verpufft ist. &#8222;Das D\u00fcsseldorf-Spiel ist schon ein bisschen l\u00e4nger her&#8220;, sagte der &#8222;Club&#8220;-Trainer. &#8222;Wir h\u00e4tten es gerne mitgenommen, aber das muss man sich alles wieder neu erarbeiten.&#8220;<\/p>\n<p>Klose: Haben vieles gegen D\u00fcsseldorf gut gemacht<\/p>\n<p>Das 3:2 vor zwei Wochen bei Fortuna D\u00fcsseldorf mit einer nervenaufreibenden XXL-Nachspielzeit soll bei den Franken der Startschuss in erfolgreiche Wochen in der 2. Fu\u00dfball-Bundesliga sein. F\u00fcr Klose war der Erfolg im Rheinland auch pers\u00f6nlich enorm wichtig, denn bei einer weiteren Niederlage h\u00e4tte ihm das Aus gedroht.\u00a0<\/p>\n<p>&#8222;Die Stimmung in der L\u00e4nderspielpause war nach dem Sieg in D\u00fcsseldorf gut. Wir haben das Spiel nochmal nachgearbeitet und gesehen, dass wir vieles gut gemacht haben. Das wollen wir genauso wieder umsetzen&#8220;, sagte Klose vor dem Heimspiel am Sonntag (13.30 Uhr\/Sky) gegen Bundesliga-Absteiger Holstein Kiel. &#8222;Ich gehe schon davon aus, dass Kiel zumindest phasenweise ins Angriffspressing geht. Das ist ein sehr guter Gegner und dementsprechend erwarte ich ein spannendes Spiel.&#8220;<\/p>\n<p>Taktgeber angeschlagen<\/p>\n<p>Der Einsatz von N\u00fcrnbergs Taktgeber Adam Markhiev ist gegen die Kieler fraglich. In seinem dritten L\u00e4nderspiel f\u00fcr die finnische Nationalmannschaft hatte der 23-J\u00e4hrige erstmals getroffen, war aber beim 2:1-Sieg angeschlagen vorzeitig vom Platz gegangen. Laut Klose stehen die Chancen auf einen Einsatz &#8222;50:50&#8220;.\u00a0<\/p>\n<p>Wieder im Mannschaftstraining ist dagegen Tim Janisch nach einer Gehirnersch\u00fctterung. &#8222;Es geht ihm gut und er hat auch gut trainiert&#8220;, sagte Klose. Verzichten muss er weiterhin auf Noah Maboulou, Henri Koudossou, Tarek Buchmann, Tom Baack und Danilo Soares.<\/p>\n<p>Torsch\u00fctze will &#8222;weiteren Schritt machen&#8220;<\/p>\n<p>Durch das 3:2 in D\u00fcsseldorf machten die Franken Boden in der Tabelle gut, mit einem weiteren Erfolg w\u00fcrden sie zu den Kielern aufschlie\u00dfen. &#8222;Wir m\u00fcssen versuchen, jetzt Variabilit\u00e4t in unser Angriffsspiel zu bekommen und die richtige Mischung zwischen Angriffe \u00fcber Au\u00dfen und Angriffe durchs Zentrum zu finden. Da wollen wir im Heimspiel gegen Kiel einen weiteren Schritt nach vorne machen&#8220;, sagte U20-Nationalspieler Rafael Lubach.<\/p>\n<p>Wie Julian Justvan traf Lubach beim Erfolg in D\u00fcsseldorf, den Siegtreffer erzielte seiner Zeit Finn Ole Becker. &#8222;Ich \ufb01nde, wir haben eine gute Mannschaft und klar helfen uns nat\u00fcrlich auch Siege&#8220;, sagte Becker. Gegen Kiel war das zuletzt nicht immer leicht. Der letzte N\u00fcrnberger Heimsieg gegen Kiel liegt schon vier Jahre zur\u00fcck.<\/p>\n","protected":false},"excerpt":{"rendered":"Bayern Klose bangt um Taktgeber &#8211; &#8222;Weiteren Schritt&#8220; gegen Kiel 17.10.2025, 15:53 Uhr War das der Wendepunkt? Nach&hellip;\n","protected":false},"author":2,"featured_media":505962,"comment_status":"","ping_status":"","sticky":false,"template":"","format":"standard","meta":{"footnotes":""},"categories":[1852],"tags":[772,3364,29,548,663,3934,30,13,4949,99549,14,15,12,1971,22868,126315,126316],"class_list":{"0":"post-505961","1":"post","2":"type-post","3":"status-publish","4":"format-standard","5":"has-post-thumbnail","7":"category-kiel","8":"tag-bayern","9":"tag-de","10":"tag-deutschland","11":"tag-eu","12":"tag-europa","13":"tag-europe","14":"tag-germany","15":"tag-headlines","16":"tag-kiel","17":"tag-klose","18":"tag-nachrichten","19":"tag-news","20":"tag-schlagzeilen","21":"tag-schleswig-holstein","22":"tag-schritt","23":"tag-taktgeber","24":"tag-weiteren"},"share_on_mastodon":{"url":"https:\/\/pubeurope.com\/@de\/115389880461967706","error":""},"_links":{"self":[{"href":"https:\/\/www.europesays.com\/de\/wp-json\/wp\/v2\/posts\/505961","targetHints":{"allow":["GET"]}}],"collection":[{"href":"https:\/\/www.europesays.com\/de\/wp-json\/wp\/v2\/posts"}],"about":[{"href":"https:\/\/www.europesays.com\/de\/wp-json\/wp\/v2\/types\/post"}],"author":[{"embeddable":true,"href":"https:\/\/www.europesays.com\/de\/wp-json\/wp\/v2\/users\/2"}],"replies":[{"embeddable":true,"href":"https:\/\/www.europesays.com\/de\/wp-json\/wp\/v2\/comments?post=505961"}],"version-history":[{"count":0,"href":"https:\/\/www.europesays.com\/de\/wp-json\/wp\/v2\/posts\/505961\/revisions"}],"wp:featuredmedia":[{"embeddable":true,"href":"https:\/\/www.europesays.com\/de\/wp-json\/wp\/v2\/media\/505962"}],"wp:attachment":[{"href":"https:\/\/www.europesays.com\/de\/wp-json\/wp\/v2\/media?parent=505961"}],"wp:term":[{"taxonomy":"category","embeddable":true,"href":"https:\/\/www.europesays.com\/de\/wp-json\/wp\/v2\/categories?post=505961"},{"taxonomy":"post_tag","embeddable":true,"href":"https:\/\/www.europesays.com\/de\/wp-json\/wp\/v2\/tags?post=505961"}],"curies":[{"name":"wp","href":"https:\/\/api.w.org\/{rel}","templated":true}]}}