{"id":505970,"date":"2025-10-17T14:07:17","date_gmt":"2025-10-17T14:07:17","guid":{"rendered":"https:\/\/www.europesays.com\/de\/505970\/"},"modified":"2025-10-17T14:07:17","modified_gmt":"2025-10-17T14:07:17","slug":"kein-sieger-im-kol-spitzenspiel-sg-oberliederbach-gegen-germania-weilbach","status":"publish","type":"post","link":"https:\/\/www.europesays.com\/de\/505970\/","title":{"rendered":"Kein Sieger im KOL-Spitzenspiel SG Oberliederbach gegen Germania Weilbach"},"content":{"rendered":"<p class=\"paragraph --regular --color\" data-v-a4a747d8=\"\" data-v-0c32301e=\"\">\u201eVon zwei verlorenen Punkten w\u00fcrde ich nicht sprechen, ein gewonnener ist es auch nicht\u201c, sagte SGO-Coach Eckhard Weller nach dem Abpfiff. Immerhin bleibt seine Mannschaft auch im zw\u00f6lften Spiel in Folge unbesiegt. F\u00fcr Germania begann der Abend mit schlechten Nachrichten: Mehrere Stammkr\u00e4fte fehlten \u2013 Andreas Kling (beruflich), Oresti Memelli und Marc Thole (krank), Mati Ehry, Marvin Wuntke und Alex M\u00fcller (Urlaub). \u201eDann musst du erstmal so ein Ergebnis erzielen\u201c, lobte Trainer Nourdine Ajarar die \u201e\u00fcberragende\u201c Leistung seiner ersatzgeschw\u00e4chten Elf.<\/p>\n","protected":false},"excerpt":{"rendered":"\u201eVon zwei verlorenen Punkten w\u00fcrde ich nicht sprechen, ein gewonnener ist es auch nicht\u201c, sagte SGO-Coach Eckhard Weller&hellip;\n","protected":false},"author":2,"featured_media":505971,"comment_status":"","ping_status":"","sticky":false,"template":"","format":"standard","meta":{"footnotes":""},"categories":[1847],"tags":[3364,29,548,663,3934,30,13,2052,11188,14,15,10236,11189,12,11190,4544],"class_list":{"0":"post-505970","1":"post","2":"type-post","3":"status-publish","4":"format-standard","5":"has-post-thumbnail","7":"category-wiesbaden","8":"tag-de","9":"tag-deutschland","10":"tag-eu","11":"tag-europa","12":"tag-europe","13":"tag-germany","14":"tag-headlines","15":"tag-hessen","16":"tag-main-taunus","17":"tag-nachrichten","18":"tag-news","19":"tag-rhein-main","20":"tag-rheingau","21":"tag-schlagzeilen","22":"tag-untertaunus","23":"tag-wiesbaden"},"share_on_mastodon":{"url":"https:\/\/pubeurope.com\/@de\/115389900102603783","error":""},"_links":{"self":[{"href":"https:\/\/www.europesays.com\/de\/wp-json\/wp\/v2\/posts\/505970","targetHints":{"allow":["GET"]}}],"collection":[{"href":"https:\/\/www.europesays.com\/de\/wp-json\/wp\/v2\/posts"}],"about":[{"href":"https:\/\/www.europesays.com\/de\/wp-json\/wp\/v2\/types\/post"}],"author":[{"embeddable":true,"href":"https:\/\/www.europesays.com\/de\/wp-json\/wp\/v2\/users\/2"}],"replies":[{"embeddable":true,"href":"https:\/\/www.europesays.com\/de\/wp-json\/wp\/v2\/comments?post=505970"}],"version-history":[{"count":0,"href":"https:\/\/www.europesays.com\/de\/wp-json\/wp\/v2\/posts\/505970\/revisions"}],"wp:featuredmedia":[{"embeddable":true,"href":"https:\/\/www.europesays.com\/de\/wp-json\/wp\/v2\/media\/505971"}],"wp:attachment":[{"href":"https:\/\/www.europesays.com\/de\/wp-json\/wp\/v2\/media?parent=505970"}],"wp:term":[{"taxonomy":"category","embeddable":true,"href":"https:\/\/www.europesays.com\/de\/wp-json\/wp\/v2\/categories?post=505970"},{"taxonomy":"post_tag","embeddable":true,"href":"https:\/\/www.europesays.com\/de\/wp-json\/wp\/v2\/tags?post=505970"}],"curies":[{"name":"wp","href":"https:\/\/api.w.org\/{rel}","templated":true}]}}