{"id":505978,"date":"2025-10-17T14:11:10","date_gmt":"2025-10-17T14:11:10","guid":{"rendered":"https:\/\/www.europesays.com\/de\/505978\/"},"modified":"2025-10-17T14:11:10","modified_gmt":"2025-10-17T14:11:10","slug":"betze-gefluester-der-fck-will-gegen-karlsruhe-den-auswaertskomplex-besiegen-kaiserslautern","status":"publish","type":"post","link":"https:\/\/www.europesays.com\/de\/505978\/","title":{"rendered":"Betze-Gefl\u00fcster: Der FCK will gegen Karlsruhe den Ausw\u00e4rtskomplex besiegen &#8211; Kaiserslautern"},"content":{"rendered":"<p>0:1 in <a class=\"rtr-entity\" data-rtr-entity=\"Hannover\" data-rtr-id=\"ce7dde27760bed4186ffd12076d86aa242656022\" data-rtr-score=\"7.482892335766423\" data-rtr-etype=\"location\" data-rtr-index=\"20\" href=\"https:\/\/www.rheinpfalz.de\/themen\/hannover?utm_source=rheinpfalz.de&amp;utm_medium=tms&amp;utm_campaign=intext\" target=\"_blank\" rel=\"noopener\">Hannover<\/a>, 1:2 in Elversberg, 0:2 in Paderborn \u2013 drei seiner vier Ausw\u00e4rtsspiele dieser Saison hat der <a class=\"rtr-entity\" data-rtr-entity=\"1. FC Kaiserslautern\" data-rtr-id=\"ff352306258316a726bdfafbb57ede329da8bc5b\" data-rtr-score=\"14.616788321167883\" data-rtr-etype=\"organisation\" data-rtr-index=\"0\" href=\"https:\/\/www.rheinpfalz.de\/fck.html?utm_source=rheinpfalz.de&amp;utm_medium=tms&amp;utm_campaign=intext\" target=\"_blank\" rel=\"noopener\">1. FC Kaiserslautern<\/a> schmuck- und chancenlos verloren. Nur in F\u00fcrth, ab der zweiten Minute in \u00dcberzahl, haben die Roten Teufel in dieser Spielzeit gepunktet, souver\u00e4n 3:0 gewonnen. So geht der FCK, der alle vier Heimspiele gewonnen hat, am Samstag (13 Uhr) nicht gerade als Favorit ins Derby beim <a class=\"rtr-entity\" data-rtr-entity=\"Karlsruher SC\" data-rtr-id=\"22da68a0d0a6f983e4e606dd311a5df686bcdd4d\" data-rtr-score=\"13.600593065693431\" data-rtr-etype=\"organisation\" data-rtr-index=\"8\" href=\"https:\/\/www.rheinpfalz.de\/themen\/karlsruher-sc?utm_source=rheinpfalz.de&amp;utm_medium=tms&amp;utm_campaign=intext\" target=\"_blank\" rel=\"noopener\">Karlsruher SC<\/a><\/p>\n<p>. Auch tabellarisch ist\u2019s ein Nachbarschaftstreffen: Der FCK ist mit 15 Punkten<\/p>\n<p class=\"\">Bitte loggen Sie sich ein um den Artikel im Klartext zu sehen.<\/p>\n<p class=\"\">udn :915 enroT erhectS,s dre KCS uhecngkltip mti 1:19 Toren ienen tPlaz t.ridnahe Dre CKS 5022 \u24c0 ads tsi inee t,camhasuH edr cskuhmc edwnrgeeo pdalkriW neie ceeht u:egntsF ierv iispe,elHme irve esgmie.eiH<\/p>\n<p class=\"\"> zaKn!rte  e\u00fcsnsm ine ssibhnec hmer ide eEgnrie sua nsnuree Heispmneile  aetorttewnb nl<\/p>\n","protected":false},"excerpt":{"rendered":"0:1 in Hannover, 1:2 in Elversberg, 0:2 in Paderborn \u2013 drei seiner vier Ausw\u00e4rtsspiele dieser Saison hat der&hellip;\n","protected":false},"author":2,"featured_media":505979,"comment_status":"","ping_status":"","sticky":false,"template":"","format":"standard","meta":{"footnotes":""},"categories":[1844],"tags":[7974,126322,1634,3364,29,21106,4347,30,46,35660,15352,8903,3850,4060,29602,119809,727],"class_list":{"0":"post-505978","1":"post","2":"type-post","3":"status-publish","4":"format-standard","5":"has-post-thumbnail","7":"category-karlsruhe","8":"tag-1-fc-kaiserslautern","9":"tag-auswaertskomplex","10":"tag-baden-wuerttemberg","11":"tag-de","12":"tag-deutschland","13":"tag-elversberg","14":"tag-fuerth","15":"tag-germany","16":"tag-hannover","17":"tag-julian-krahl","18":"tag-kaiserslautern","19":"tag-karlsruhe","20":"tag-karlsruher-sc","21":"tag-lokal","22":"tag-marvin-wanitzek","23":"tag-maxwell-gyamfi","24":"tag-paderborn"},"share_on_mastodon":{"url":"https:\/\/pubeurope.com\/@de\/115389915889195345","error":""},"_links":{"self":[{"href":"https:\/\/www.europesays.com\/de\/wp-json\/wp\/v2\/posts\/505978","targetHints":{"allow":["GET"]}}],"collection":[{"href":"https:\/\/www.europesays.com\/de\/wp-json\/wp\/v2\/posts"}],"about":[{"href":"https:\/\/www.europesays.com\/de\/wp-json\/wp\/v2\/types\/post"}],"author":[{"embeddable":true,"href":"https:\/\/www.europesays.com\/de\/wp-json\/wp\/v2\/users\/2"}],"replies":[{"embeddable":true,"href":"https:\/\/www.europesays.com\/de\/wp-json\/wp\/v2\/comments?post=505978"}],"version-history":[{"count":0,"href":"https:\/\/www.europesays.com\/de\/wp-json\/wp\/v2\/posts\/505978\/revisions"}],"wp:featuredmedia":[{"embeddable":true,"href":"https:\/\/www.europesays.com\/de\/wp-json\/wp\/v2\/media\/505979"}],"wp:attachment":[{"href":"https:\/\/www.europesays.com\/de\/wp-json\/wp\/v2\/media?parent=505978"}],"wp:term":[{"taxonomy":"category","embeddable":true,"href":"https:\/\/www.europesays.com\/de\/wp-json\/wp\/v2\/categories?post=505978"},{"taxonomy":"post_tag","embeddable":true,"href":"https:\/\/www.europesays.com\/de\/wp-json\/wp\/v2\/tags?post=505978"}],"curies":[{"name":"wp","href":"https:\/\/api.w.org\/{rel}","templated":true}]}}