{"id":505985,"date":"2025-10-17T14:15:12","date_gmt":"2025-10-17T14:15:12","guid":{"rendered":"https:\/\/www.europesays.com\/de\/505985\/"},"modified":"2025-10-17T14:15:12","modified_gmt":"2025-10-17T14:15:12","slug":"bielefeld-1900-jahre-alte-ausgrabungsstaette-gepluendert","status":"publish","type":"post","link":"https:\/\/www.europesays.com\/de\/505985\/","title":{"rendered":"Bielefeld: 1900 Jahre alte Ausgrabungsst\u00e4tte gepl\u00fcndert"},"content":{"rendered":"<p>In Bielefeld haben Unbekannte eine r\u00f6mische Ausgrabungsstelle gepl\u00fcndert. Es war nicht das erste Mal.\u00a0<\/p>\n<p>Bielefeld (dpa) &#8211; Raubgr\u00e4ber haben erneut eine 1900 Jahre alte arch\u00e4ologische Ausgrabungsstelle in Bielefeld-Sieker gepl\u00fcndert. Unter Abdeckplanen fand die Grabungsleiterin gro\u00dfe, wieder zugesch\u00fcttete L\u00f6cher, aus denen Metallfunde und Teile mindestens eines Keramikgef\u00e4\u00dfes entwendet wurden, wie der Landschaftsverband Westfalen-Lippe (LWL) mitteilte. Die Siedlung z\u00e4hlt zu den gr\u00f6\u00dften germanischen Fundstellen der r\u00f6mischen Kaiserzeit in Westfalen.<\/p>\n<p class=\"contextmenu caption\">\u00d6ffentliche F\u00fchrungen bleiben\u00a0<\/p>\n<p>Bereits im August waren den Angaben nach Spuren einer illegalen Begehung mit einer Metallsonde auf den Fl\u00e4chen der damaligen Ausgrabungsfl\u00e4che entdeckt worden. Die Stadt Bielefeld und der LWL k\u00fcndigten nun zus\u00e4tzliche Schutzma\u00dfnahmen an.\u00a0<\/p>\n<p>\u201eWir hoffen, dass auf diese Weise weitere Verluste nicht nur f\u00fcr die Bielefelder Stadtgeschichte, sondern auch f\u00fcr die Geschichte Westfalens verhindert werden k\u00f6nnen\u201c, teilte Claudia Koch als zust\u00e4ndige Baudezernentin mit. <\/p>\n<p>B\u00fcrgerinnen und B\u00fcrger werden gebeten, verd\u00e4chtige Beobachtungen der Polizei zu melden. Trotz der Vorf\u00e4lle k\u00f6nnten Interessierte die Ausgrabung weiterhin im Rahmen \u00f6ffentlicher F\u00fchrungen besuchen. <\/p>\n<p>Texte und Fotos von die-glocke.de sind urheberrechtlich gesch\u00fctzt.<br \/>\n            Weiterverwendung nur mit Genehmigung der Chefredaktion.<\/p>\n","protected":false},"excerpt":{"rendered":"In Bielefeld haben Unbekannte eine r\u00f6mische Ausgrabungsstelle gepl\u00fcndert. Es war nicht das erste Mal.\u00a0 Bielefeld (dpa) &#8211; Raubgr\u00e4ber&hellip;\n","protected":false},"author":2,"featured_media":505986,"comment_status":"","ping_status":"","sticky":false,"template":"","format":"standard","meta":{"footnotes":""},"categories":[1841],"tags":[56909,6425,126323,1605,3364,29,30,1209,8404],"class_list":{"0":"post-505985","1":"post","2":"type-post","3":"status-publish","4":"format-standard","5":"has-post-thumbnail","7":"category-bielefeld","8":"tag-lwl","9":"tag-archaeologie","10":"tag-ausgrabungsstaette","11":"tag-bielefeld","12":"tag-de","13":"tag-deutschland","14":"tag-germany","15":"tag-nordrhein-westfalen","16":"tag-westfalen"},"share_on_mastodon":{"url":"https:\/\/pubeurope.com\/@de\/115389931512646777","error":""},"_links":{"self":[{"href":"https:\/\/www.europesays.com\/de\/wp-json\/wp\/v2\/posts\/505985","targetHints":{"allow":["GET"]}}],"collection":[{"href":"https:\/\/www.europesays.com\/de\/wp-json\/wp\/v2\/posts"}],"about":[{"href":"https:\/\/www.europesays.com\/de\/wp-json\/wp\/v2\/types\/post"}],"author":[{"embeddable":true,"href":"https:\/\/www.europesays.com\/de\/wp-json\/wp\/v2\/users\/2"}],"replies":[{"embeddable":true,"href":"https:\/\/www.europesays.com\/de\/wp-json\/wp\/v2\/comments?post=505985"}],"version-history":[{"count":0,"href":"https:\/\/www.europesays.com\/de\/wp-json\/wp\/v2\/posts\/505985\/revisions"}],"wp:featuredmedia":[{"embeddable":true,"href":"https:\/\/www.europesays.com\/de\/wp-json\/wp\/v2\/media\/505986"}],"wp:attachment":[{"href":"https:\/\/www.europesays.com\/de\/wp-json\/wp\/v2\/media?parent=505985"}],"wp:term":[{"taxonomy":"category","embeddable":true,"href":"https:\/\/www.europesays.com\/de\/wp-json\/wp\/v2\/categories?post=505985"},{"taxonomy":"post_tag","embeddable":true,"href":"https:\/\/www.europesays.com\/de\/wp-json\/wp\/v2\/tags?post=505985"}],"curies":[{"name":"wp","href":"https:\/\/api.w.org\/{rel}","templated":true}]}}