{"id":505987,"date":"2025-10-17T14:16:11","date_gmt":"2025-10-17T14:16:11","guid":{"rendered":"https:\/\/www.europesays.com\/de\/505987\/"},"modified":"2025-10-17T14:16:11","modified_gmt":"2025-10-17T14:16:11","slug":"wuppertal-grossbrand-in-mehrfamilienhaus-schnell-geloescht-regional","status":"publish","type":"post","link":"https:\/\/www.europesays.com\/de\/505987\/","title":{"rendered":"Wuppertal: Gro\u00dfbrand in Mehrfamilienhaus schnell gel\u00f6scht | Regional"},"content":{"rendered":"<p>Wuppertal \u2013 <b>Gro\u00dfeinsatz der Feuerwehr in Wichlinghausen: Ein Feuer in einem Mehrfamilienhaus konnte am Mittag erfolgreich gel\u00f6scht werden.<\/b><\/p>\n<p>Gegen 11.30 Uhr wurden die Einsatzkr\u00e4fte zur Eintrachtstra\u00dfe gerufen. Rauch stieg aus der Schieferfassade auf. Bei Ankunft der Feuerwehr hatte das Feuer bereits den Dachstuhl erreicht. Gl\u00fccklicherweise befanden sich keine Personen im Geb\u00e4ude, und es wurde niemand verletzt. Zwei benachbarte H\u00e4user wurden vorsorglich evakuiert.<\/p>\n<p>Um das Feuer effektiv bek\u00e4mpfen zu k\u00f6nnen, \u00f6ffneten die Feuerwehrleute Teile des Daches. Nach etwa 45 Minuten war der Brand unter Kontrolle und nach weiteren 30 Minuten vollst\u00e4ndig gel\u00f6scht. Eine Drohne kam zum Einsatz, um die umliegenden Geb\u00e4ude zu \u00fcberpr\u00fcfen. Das angrenzende Haus, das sich einen Dachstuhl mit dem Brandhaus teilt, blieb unversehrt. Das betroffene Geb\u00e4ude ist jedoch vorerst unbewohnbar.<\/p>\n<p>W\u00e4hrend des Einsatzes blieb die Eintrachtstra\u00dfe f\u00fcr den Verkehr gesperrt. Die Wachen der Berufsfeuerwehr wurden zeitweise durch die Freiwillige Feuerwehr unterst\u00fctzt. Die Polizei wird nun die Brandursache und die H\u00f6he des Sachschadens untersuchen.<\/p>\n<p>Dieser Text basiert auf einer offiziellen Beh\u00f6rden-Information und wurde mit Hilfe von KI erstellt.<\/p>\n","protected":false},"excerpt":{"rendered":"Wuppertal \u2013 Gro\u00dfeinsatz der Feuerwehr in Wichlinghausen: Ein Feuer in einem Mehrfamilienhaus konnte am Mittag erfolgreich gel\u00f6scht werden.&hellip;\n","protected":false},"author":2,"featured_media":476894,"comment_status":"","ping_status":"","sticky":false,"template":"","format":"standard","meta":{"footnotes":""},"categories":[1840],"tags":[3364,29,985,30,2509,1209,4418],"class_list":{"0":"post-505987","1":"post","2":"type-post","3":"status-publish","4":"format-standard","5":"has-post-thumbnail","7":"category-wuppertal","8":"tag-de","9":"tag-deutschland","10":"tag-feuerwehr","11":"tag-germany","12":"tag-ki-ots","13":"tag-nordrhein-westfalen","14":"tag-wuppertal"},"share_on_mastodon":{"url":"https:\/\/pubeurope.com\/@de\/115389935446657475","error":""},"_links":{"self":[{"href":"https:\/\/www.europesays.com\/de\/wp-json\/wp\/v2\/posts\/505987","targetHints":{"allow":["GET"]}}],"collection":[{"href":"https:\/\/www.europesays.com\/de\/wp-json\/wp\/v2\/posts"}],"about":[{"href":"https:\/\/www.europesays.com\/de\/wp-json\/wp\/v2\/types\/post"}],"author":[{"embeddable":true,"href":"https:\/\/www.europesays.com\/de\/wp-json\/wp\/v2\/users\/2"}],"replies":[{"embeddable":true,"href":"https:\/\/www.europesays.com\/de\/wp-json\/wp\/v2\/comments?post=505987"}],"version-history":[{"count":0,"href":"https:\/\/www.europesays.com\/de\/wp-json\/wp\/v2\/posts\/505987\/revisions"}],"wp:featuredmedia":[{"embeddable":true,"href":"https:\/\/www.europesays.com\/de\/wp-json\/wp\/v2\/media\/476894"}],"wp:attachment":[{"href":"https:\/\/www.europesays.com\/de\/wp-json\/wp\/v2\/media?parent=505987"}],"wp:term":[{"taxonomy":"category","embeddable":true,"href":"https:\/\/www.europesays.com\/de\/wp-json\/wp\/v2\/categories?post=505987"},{"taxonomy":"post_tag","embeddable":true,"href":"https:\/\/www.europesays.com\/de\/wp-json\/wp\/v2\/tags?post=505987"}],"curies":[{"name":"wp","href":"https:\/\/api.w.org\/{rel}","templated":true}]}}