{"id":506001,"date":"2025-10-17T14:24:17","date_gmt":"2025-10-17T14:24:17","guid":{"rendered":"https:\/\/www.europesays.com\/de\/506001\/"},"modified":"2025-10-17T14:24:17","modified_gmt":"2025-10-17T14:24:17","slug":"frankreich-weiss-um-defizitabbau-das-beruhigt-die-maerkte-sagt-der-iwf","status":"publish","type":"post","link":"https:\/\/www.europesays.com\/de\/506001\/","title":{"rendered":"Frankreich wei\u00df um Defizitabbau &#8211; das beruhigt die M\u00e4rkte, sagt der IWF"},"content":{"rendered":"<p>Franz\u00f6sische Politiker sind sich einig, dass die \u00f6ffentlichen Finanzen gest\u00e4rkt werden m\u00fcssen. Dieser Konsens sorgt trotz der politischen Instabilit\u00e4t, die Frankreich seit Mitte 2024 erlebt, f\u00fcr Ruhe an den Finanzm\u00e4rkten. Das erkl\u00e4rte Alfred Kammer, Leiter der Europa-Abteilung des Internationalen W\u00e4hrungsfonds (IWF).<\/p>\n<p>\nKammer betonte, die wirtschaftlichen Fundamentaldaten Frankreichs seien solide. Das Land habe keine Liquidit\u00e4tsprobleme, die Renditeabst\u00e4nde franz\u00f6sischer Staatsanleihen zu deutschen Papieren seien begrenzt und Frankreich verf\u00fcge \u00fcber einen Haushaltsentwurf mit einem geringeren Defizit f\u00fcr das Jahr 2026.<\/p>\n<p>\n,,Was die kurzfristigen Risiken betrifft, so sind sie nicht auf ein Niveau gestiegen, bei dem au\u00dfergew\u00f6hnliche Besorgnis angebracht w\u00e4re&#8220;, sagte Kammer gegen\u00fcber Reuters.<\/p>\n<p>\n,,Wir sind deshalb zuversichtlich, weil wir erwarten, dass der Haushalt f\u00fcr 2026 im Einklang mit den franz\u00f6sischen Verpflichtungen unter den europ\u00e4ischen Fiskalregeln eingereicht wird, um das Haushaltsdefizit auf etwa 4,7\u00a0% des BIP zu senken&#8220;, so Kammer weiter.<\/p>\n<p>\nDie franz\u00f6sische Staatsverschuldung stieg im ersten Quartal des Jahres auf 114,1\u00a0% des Bruttoinlandsprodukts, verglichen mit 113,2\u00a0% Ende 2024. Damit liegt Frankreich deutlich \u00fcber dem Durchschnitt der Eurozone von 88\u00a0% des BIP und ist nach Griechenland und Italien das am dritth\u00f6chsten verschuldete EU-Land.<\/p>\n<p>\nKammer erkl\u00e4rte, dass die franz\u00f6sischen Parteien zwar heftig \u00fcber die Ma\u00dfnahmen zur Defizitreduzierung debattieren w\u00fcrden, die Richtung der Diskussion &#8211; weitere Konsolidierung &#8211; jedoch klar und unbestritten sei.<\/p>\n<p>\n,,Manchmal fehlt die n\u00f6tige Einsicht, und dann erinnern die M\u00e4rkte daran, indem sie reagieren&#8220;, sagte Kammer.<\/p>\n<p>\n,,Ein Grund, warum die M\u00e4rkte relativ ruhig bleiben, ist, dass die politische Klasse und die Abgeordneten eindeutig verstanden haben, dass dieses Problem angegangen werden muss&#8220;, f\u00fcgte er hinzu. Das Verst\u00e4ndnis schlie\u00dfe jedoch nicht aus, dass es unterschiedliche Ansichten dar\u00fcber gebe, wie die Konsolidierung erreicht werden solle.<\/p>\n","protected":false},"excerpt":{"rendered":"Franz\u00f6sische Politiker sind sich einig, dass die \u00f6ffentlichen Finanzen gest\u00e4rkt werden m\u00fcssen. Dieser Konsens sorgt trotz der politischen&hellip;\n","protected":false},"author":2,"featured_media":506002,"comment_status":"","ping_status":"","sticky":false,"template":"","format":"standard","meta":{"footnotes":""},"categories":[3974],"tags":[331,332,665,548,663,3934,3980,156,13,14,15,12],"class_list":{"0":"post-506001","1":"post","2":"type-post","3":"status-publish","4":"format-standard","5":"has-post-thumbnail","7":"category-frankreich","8":"tag-aktuelle-nachrichten","9":"tag-aktuelle-news","10":"tag-boerse","11":"tag-eu","12":"tag-europa","13":"tag-europe","14":"tag-france","15":"tag-frankreich","16":"tag-headlines","17":"tag-nachrichten","18":"tag-news","19":"tag-schlagzeilen"},"share_on_mastodon":{"url":"https:\/\/pubeurope.com\/@de\/115389966979088169","error":""},"_links":{"self":[{"href":"https:\/\/www.europesays.com\/de\/wp-json\/wp\/v2\/posts\/506001","targetHints":{"allow":["GET"]}}],"collection":[{"href":"https:\/\/www.europesays.com\/de\/wp-json\/wp\/v2\/posts"}],"about":[{"href":"https:\/\/www.europesays.com\/de\/wp-json\/wp\/v2\/types\/post"}],"author":[{"embeddable":true,"href":"https:\/\/www.europesays.com\/de\/wp-json\/wp\/v2\/users\/2"}],"replies":[{"embeddable":true,"href":"https:\/\/www.europesays.com\/de\/wp-json\/wp\/v2\/comments?post=506001"}],"version-history":[{"count":0,"href":"https:\/\/www.europesays.com\/de\/wp-json\/wp\/v2\/posts\/506001\/revisions"}],"wp:featuredmedia":[{"embeddable":true,"href":"https:\/\/www.europesays.com\/de\/wp-json\/wp\/v2\/media\/506002"}],"wp:attachment":[{"href":"https:\/\/www.europesays.com\/de\/wp-json\/wp\/v2\/media?parent=506001"}],"wp:term":[{"taxonomy":"category","embeddable":true,"href":"https:\/\/www.europesays.com\/de\/wp-json\/wp\/v2\/categories?post=506001"},{"taxonomy":"post_tag","embeddable":true,"href":"https:\/\/www.europesays.com\/de\/wp-json\/wp\/v2\/tags?post=506001"}],"curies":[{"name":"wp","href":"https:\/\/api.w.org\/{rel}","templated":true}]}}