{"id":506011,"date":"2025-10-17T14:29:11","date_gmt":"2025-10-17T14:29:11","guid":{"rendered":"https:\/\/www.europesays.com\/de\/506011\/"},"modified":"2025-10-17T14:29:11","modified_gmt":"2025-10-17T14:29:11","slug":"deutschland-nach-aeusserung-zu-migration-im-stadtbild-gruene-fordern-entschuldigung-von-merz-politik","status":"publish","type":"post","link":"https:\/\/www.europesays.com\/de\/506011\/","title":{"rendered":"Deutschland: Nach \u00c4u\u00dferung zu Migration im Stadtbild: Gr\u00fcne fordern Entschuldigung von Merz &#8211; Politik"},"content":{"rendered":"<p>Nach umstrittener \u00c4u\u00dferung zu Migration im Stadtbild: Gr\u00fcne fordern Entschuldigung von MerzIn einem offenen Brief haben einige Dutzend Politikerinnen und Politiker der Gr\u00fcnen eine umstrittene \u00c4u\u00dferung von Bundeskanzler Friedrich Merz (CDU) zur Migration scharf verurteilt. \u201eIhre Aussage ist rassistisch, diskriminierend, verletzend und unanst\u00e4ndig\u201c, hie\u00df es in dem Schreiben. Sie stehe f\u00fcr eine Sprache der Ausgrenzung und f\u00fchre zu Gewalt. \u201eDiese Haltung ist eines Bundeskanzlers unw\u00fcrdig.\u201c Die Urheber fordern eine \u00f6ffentliche Entschuldigung von Merz.<\/p>\n<p>Der Kanzler war bei einem Termin in Potsdam am Dienstag von einem Reporter auf das Erstarken der rechtspopulistischen Partei AfD angesprochen worden. Merz sagte daraufhin unter anderem, dass man nun fr\u00fchere Vers\u00e4umnisse in der Migrationspolitik korrigiere und Fortschritte mache. \u201eAber wir haben nat\u00fcrlich immer im Stadtbild noch dieses Problem, und deswegen ist der Bundesinnenminister ja auch dabei, jetzt in sehr gro\u00dfem Umfang auch R\u00fcckf\u00fchrungen zu erm\u00f6glichen und durchzuf\u00fchren\u201c, sagte Merz.<\/p>\n<p>Die Gr\u00fcnen verlangen nun eine \u00f6ffentliche Entschuldigung insbesondere gegen\u00fcber allen, die t\u00e4glich von Rassismus und Ausgrenzung betroffen sind. \u201eSie sind in erster, zweiter, dritter Generation hier, trotzdem sprechen Sie ihnen ihr Deutschsein und ihre Zugeh\u00f6rigkeit zu Deutschland ab \u2013 allein aufgrund ihres Aussehens, ihrer Herkunft oder ihres Namens. Statt sich klar f\u00fcr den Zusammenhalt unserer Gesellschaft zu positionieren, n\u00e4hern Sie sich sprachlich dem Rechtsextremismus an und befeuern diesen damit\u201c, hie\u00df es weiter.\u00a0<\/p>\n<p>Rund 50 Amts- und Mandatstr\u00e4ger der Partei aus Bund und L\u00e4ndern, die nach Gr\u00fcnen-Angaben Rassismuserfahrungen haben, unterzeichneten das Papier. Zu ihnen geh\u00f6rt Filiz Polat, die Parlamentarische Gesch\u00e4ftsf\u00fchrerin der Gr\u00fcnen-Bundestagsfraktion. Die Aussage von Merz \u201esendet ein Signal an Millionen Menschen, dass sie hier nicht wirklich dazugeh\u00f6ren\u201c, sagte Polat.<br \/>\u00a0<br \/>Auch andere Parteien kritisierten Merz f\u00fcr die \u00c4u\u00dferung. Die Integrationsbeauftragte der Bundesregierung, Natalie Pawlik (SPD), warnte vor einer spaltenden Rhetorik in der Migrationsdebatte. \u201eMigration darf nicht durch verk\u00fcrzte oder populistische Schnellsch\u00fcsse stigmatisiert werden \u2013 das spaltet die Gesellschaft noch mehr und hilft am Ende den Falschen, statt L\u00f6sungen zu f\u00f6rdern\u201c, sagte Pawlik.<\/p>\n","protected":false},"excerpt":{"rendered":"Nach umstrittener \u00c4u\u00dferung zu Migration im Stadtbild: Gr\u00fcne fordern Entschuldigung von MerzIn einem offenen Brief haben einige Dutzend&hellip;\n","protected":false},"author":2,"featured_media":506012,"comment_status":"","ping_status":"","sticky":false,"template":"","format":"standard","meta":{"footnotes":""},"categories":[2],"tags":[331,3924,332,3922,32036,7992,12844,1173,1180,31,774,3364,29,775,30,13,776,148,771,14,3923,15,3921,16,1181,12,184,149],"class_list":{"0":"post-506011","1":"post","2":"type-post","3":"status-publish","4":"format-standard","5":"has-post-thumbnail","7":"category-deutschland","8":"tag-aktuelle-nachrichten","9":"tag-aktuelle-nachrichten-aus-deutschland","10":"tag-aktuelle-news","11":"tag-aktuelle-news-aus-deutschland","12":"tag-baerbel-bas","13":"tag-bundeskabinett","14":"tag-bundeskanzler","15":"tag-bundesregierung","16":"tag-bundestag","17":"tag-cdu","18":"tag-csu","19":"tag-de","20":"tag-deutschland","21":"tag-friedrich-merz","22":"tag-germany","23":"tag-headlines","24":"tag-lars-klingbeil","25":"tag-leserdiskussion","26":"tag-markus-soeder","27":"tag-nachrichten","28":"tag-nachrichten-aus-deutschland","29":"tag-news","30":"tag-news-aus-deutschland","31":"tag-politik","32":"tag-politik-bayern","33":"tag-schlagzeilen","34":"tag-spd","35":"tag-sueddeutsche-zeitung"},"share_on_mastodon":{"url":"","error":"Validation failed: Text character limit of 500 exceeded"},"_links":{"self":[{"href":"https:\/\/www.europesays.com\/de\/wp-json\/wp\/v2\/posts\/506011","targetHints":{"allow":["GET"]}}],"collection":[{"href":"https:\/\/www.europesays.com\/de\/wp-json\/wp\/v2\/posts"}],"about":[{"href":"https:\/\/www.europesays.com\/de\/wp-json\/wp\/v2\/types\/post"}],"author":[{"embeddable":true,"href":"https:\/\/www.europesays.com\/de\/wp-json\/wp\/v2\/users\/2"}],"replies":[{"embeddable":true,"href":"https:\/\/www.europesays.com\/de\/wp-json\/wp\/v2\/comments?post=506011"}],"version-history":[{"count":0,"href":"https:\/\/www.europesays.com\/de\/wp-json\/wp\/v2\/posts\/506011\/revisions"}],"wp:featuredmedia":[{"embeddable":true,"href":"https:\/\/www.europesays.com\/de\/wp-json\/wp\/v2\/media\/506012"}],"wp:attachment":[{"href":"https:\/\/www.europesays.com\/de\/wp-json\/wp\/v2\/media?parent=506011"}],"wp:term":[{"taxonomy":"category","embeddable":true,"href":"https:\/\/www.europesays.com\/de\/wp-json\/wp\/v2\/categories?post=506011"},{"taxonomy":"post_tag","embeddable":true,"href":"https:\/\/www.europesays.com\/de\/wp-json\/wp\/v2\/tags?post=506011"}],"curies":[{"name":"wp","href":"https:\/\/api.w.org\/{rel}","templated":true}]}}