{"id":506026,"date":"2025-10-17T14:39:10","date_gmt":"2025-10-17T14:39:10","guid":{"rendered":"https:\/\/www.europesays.com\/de\/506026\/"},"modified":"2025-10-17T14:39:10","modified_gmt":"2025-10-17T14:39:10","slug":"rock-n-roll-in-der-oper-dick-brave-will-semperopernball-rocken-regional","status":"publish","type":"post","link":"https:\/\/www.europesays.com\/de\/506026\/","title":{"rendered":"Rock \u2019n\u2019 Roll in der Oper: Dick Brave will SemperOpernball rocken | Regional"},"content":{"rendered":"<p>Dresden \u2013 <b>Wenn am 6. Februar 2026 der rote Teppich vor der Semperoper ausgerollt wird, trifft Klassik auf Kult, Eleganz auf Energie \u2013 und ganz Dresden darf sich auf ein filmreifes Finale freuen!<\/b><\/p>\n<p>Denn einer sorgt daf\u00fcr, dass am Ende wirklich niemand stillsitzt: <a href=\"https:\/\/www.bild.de\/unterhaltung\/stars-und-leute\/dick-brave-nach-12-jahren-wieder-da-sashas-rock-zwilling-startet-comeback-68a379c7f70671322bc7a957\" class=\"text-link\" target=\"_blank\" rel=\"noopener\">Dick Brave<\/a>, das Rock\u2019n\u2019Roll-Alter-Ego von Sasha (53), erobert beim SemperOpernball die B\u00fchne \u2013 mit Pomade im Haar, H\u00fcftschwung im Blut und jeder Menge Gute-Laune-Beats.<\/p>\n<p>Der S\u00e4nger kommt mit frischem Comeback-Album \u201eBack for Good\u201c (erscheint am 23. Januar) nach <a href=\"https:\/\/www.bild.de\/regional\/dresden\/dresden-regional\/home-16327670.bild.html\" class=\"text-link\" target=\"_blank\" rel=\"noopener\">Dresden<\/a> \u2013 und verspricht: \u201eDer SemperOpernball ist f\u00fcr mich die perfekte B\u00fchne. Ich will den ganzen Saal mitrei\u00dfen und aus dem Ball ein gro\u00dfes gemeinsames Tanz-Fest machen!\u201c<\/p>\n<p>Dick Brave &amp; The Backbeats wurden Anfang der 2000er mit Hits wie \u201eTake Good Care of My Baby\u201c und \u201eWalk This Way\u201c zu Kultfiguren des deutschen Rock\u2019n\u2019Roll-Revivals. Jetzt ist Sasha zur\u00fcck in seiner wohl charmantesten Rolle \u2013 der coolste Schelm seit Elvis!<\/p>\n<p>Mehr zum ThemaGlamour trifft Groove<\/p>\n<p>Der <a href=\"https:\/\/www.bild.de\/themen\/ereignisse\/semperopernball\/semperopernball-28290568.bild.html\" class=\"text-link\" target=\"_blank\" rel=\"noopener\">SemperOpernball<\/a> steht dieses Mal unter dem Motto \u201eFilm ab!\u201c \u2013 und bietet neben gro\u00dfen Stimmen und eleganten Walzern auch eine ordentliche Portion Kinosound: von emotionalen Klassik-Momenten bis hin zu Dick Braves rockiger Schlussnummer.<\/p>\n<p>Nach Auftritten von Star-Cellistin Anastasia Kobekina (31) und Tenor Jonathan Tetelman (37) \u00fcbernimmt Brave den Saal \u2013 begleitet von seiner Band und einem Publikum, das sich wohl kaum auf den Pl\u00e4tzen halten wird.<\/p>\n<p>Dresden tanzt<\/p>\n<p>Ball-Chef Gerhard M\u00fcller jubelt: \u201eRund 80 Prozent der Tickets sind schon verkauft \u2013 die Nachfrage ist riesig.\u201c Und sp\u00e4testens, wenn Dick Brave aufdreht, wird klar: Nach den <a href=\"https:\/\/www.bild.de\/regional\/dresden\/dresden-aktuell\/dresden-frey-macht-schluss-beim-semperopernball-82078166.bild.html\" class=\"text-link\" target=\"_blank\" rel=\"noopener\">Turbulenzen um Ball-Gr\u00fcnder Hans-Joachim Frey<\/a> (60) im Jahr 2022 und der Corona-Zwangspause ist der SemperOpernball wieder zur\u00fcck \u2013 als eine Opern-Gala und das gr\u00f6\u00dfte s\u00e4chsische Tanz-Fest des Jahres.<\/p>\n","protected":false},"excerpt":{"rendered":"Dresden \u2013 Wenn am 6. Februar 2026 der rote Teppich vor der Semperoper ausgerollt wird, trifft Klassik auf&hellip;\n","protected":false},"author":2,"featured_media":506027,"comment_status":"","ping_status":"","sticky":false,"template":"","format":"standard","meta":{"footnotes":""},"categories":[1835],"tags":[3364,29,2386,30,126329,52654,859,100943,126328],"class_list":{"0":"post-506026","1":"post","2":"type-post","3":"status-publish","4":"format-standard","5":"has-post-thumbnail","7":"category-dresden","8":"tag-de","9":"tag-deutschland","10":"tag-dresden","11":"tag-germany","12":"tag-kretschmer-guido-maria","13":"tag-meis-sylvie","14":"tag-sachsen","15":"tag-sasha","16":"tag-semperopernball"},"share_on_mastodon":{"url":"https:\/\/pubeurope.com\/@de\/115390025803080280","error":""},"_links":{"self":[{"href":"https:\/\/www.europesays.com\/de\/wp-json\/wp\/v2\/posts\/506026","targetHints":{"allow":["GET"]}}],"collection":[{"href":"https:\/\/www.europesays.com\/de\/wp-json\/wp\/v2\/posts"}],"about":[{"href":"https:\/\/www.europesays.com\/de\/wp-json\/wp\/v2\/types\/post"}],"author":[{"embeddable":true,"href":"https:\/\/www.europesays.com\/de\/wp-json\/wp\/v2\/users\/2"}],"replies":[{"embeddable":true,"href":"https:\/\/www.europesays.com\/de\/wp-json\/wp\/v2\/comments?post=506026"}],"version-history":[{"count":0,"href":"https:\/\/www.europesays.com\/de\/wp-json\/wp\/v2\/posts\/506026\/revisions"}],"wp:featuredmedia":[{"embeddable":true,"href":"https:\/\/www.europesays.com\/de\/wp-json\/wp\/v2\/media\/506027"}],"wp:attachment":[{"href":"https:\/\/www.europesays.com\/de\/wp-json\/wp\/v2\/media?parent=506026"}],"wp:term":[{"taxonomy":"category","embeddable":true,"href":"https:\/\/www.europesays.com\/de\/wp-json\/wp\/v2\/categories?post=506026"},{"taxonomy":"post_tag","embeddable":true,"href":"https:\/\/www.europesays.com\/de\/wp-json\/wp\/v2\/tags?post=506026"}],"curies":[{"name":"wp","href":"https:\/\/api.w.org\/{rel}","templated":true}]}}