{"id":506034,"date":"2025-10-17T14:43:29","date_gmt":"2025-10-17T14:43:29","guid":{"rendered":"https:\/\/www.europesays.com\/de\/506034\/"},"modified":"2025-10-17T14:43:29","modified_gmt":"2025-10-17T14:43:29","slug":"ferien-reisewelle-rollt-an-erste-laengere-staus-im-norden","status":"publish","type":"post","link":"https:\/\/www.europesays.com\/de\/506034\/","title":{"rendered":"Ferien-Reisewelle rollt an: Erste l\u00e4ngere Staus im Norden"},"content":{"rendered":"<p>        <img decoding=\"async\" src=\"https:\/\/www.europesays.com\/de\/wp-content\/uploads\/2025\/10\/autobahn-290.webp\" alt=\"Autos stehen auf der A1 Richtung Norden im Stau.\" title=\"Autos stehen auf der A1 Richtung Norden im Stau. | picture alliance\/dpa, Jonas Walzberg\" class=\"responsive\"\/><\/p>\n<p>\n            Stand: 17.10.2025 16:40 Uhr<\/p>\n<p class=\"preface\">Der Beginn der Herbstferien in Schleswig-Holstein, Mecklenburg-Vorpommern und Hamburg d\u00fcrfte am Wochenende f\u00fcr viel Verkehr auf den Autobahnen in Norddeutschland sorgen. Seit dem Mittag gibt es Staus und stockenden Verkehr an mehreren Stellen.<\/p>\n<p class=\"\">Erfahrungsgem\u00e4\u00df starten viele Urlaubende bereits am letzten Schultag mit ihren schulpflichtigen Kindern Richtung Norden oder S\u00fcden. Zusammen mit dem Berufsverkehr und den vielen Baustellen d\u00fcrfte es im weiteren Tagesverlauf auf den Fahrbahnen noch voller werden. Vor allem f\u00fcr den Gro\u00dfraum Hamburg erwartet der ADAC Hansa dichten Verkehr.<\/p>\n<p class=\"\">Hinzu kommt, dass auch in Berlin und Brandenburg an diesem Wochenende die Herbstferien beginnen, in Hessen, Sachsen und Th\u00fcringen gehen sie bereits zu Ende.<\/p>\n<p>    Stau und stockender Verkehr auf A1 und A7<\/p>\n<p class=\"\">Seit dem Mittag gibt es erste l\u00e4ngere Staus und stockenden Verkehr auf den Autobahnen A1 und A7. Betroffen sind auf der A1 L\u00fcbeck Richtung Hamburg der Abschnitt zwischen Hamburg-Billstedt und Dreieck Norderelbe sowie auf der A1 Osnabr\u00fcck Richtung Bremen die Strecke zwischen Dreieck Stuhr und Bremen-Arsten. Ebenfalls staut es sich auf der A7 Hamburg Richtung Hannover zwischen Bad Fallingbostel und Schwarmstedt sowie auf der A7 Flensburg Richtung Hamburg zwischen Dreieck Bordesholm und Neum\u00fcnster-S\u00fcd. Und auch vor dem Elbtunnel stockt der Verkehr.<\/p>\n<p>    A21 als Ausweichroute<\/p>\n<p class=\"\">Neben den Autobahnen rund um Hamburg inklusive des Elbtunnels werden laut ADAC auch Staus und Verz\u00f6gerungen auf den Reiserouten an die Nord- und Ostsee erwartet. Vor allem auf der A7 in Richtung Flensburg und Sylt, der A24 nach Berlin, der A20 in Richtung Rostock und Stettin sowie der A23 an der Westk\u00fcste k\u00f6nne es zu Engp\u00e4ssen kommen, so der ADAC. Ein Tipp: Wer Richtung Ostsee oder Schleswig-Holstein unterwegs ist, sollte die A21 als Ausweichroute zur A1 und A7 nutzen, um Staus rund um Hamburg zu umgehen.<\/p>\n<p>        <img decoding=\"async\" src=\"https:\/\/www.europesays.com\/de\/wp-content\/uploads\/2025\/08\/1755352453_887_stau1656.webp\" alt=\"Stau auf der Autobahn 1 in Schleswig-Holstein Richtung Hamburg.\" title=\"Stau auf der Autobahn 1 in Schleswig-Holstein Richtung Hamburg. | dpa - picture alliance, Markus Scholz\" class=\"responsive\" loading=\"lazy\"\/><\/p>\n<p>Staus, Baustellen, Gefahren-Hinweise: Meldungen zum Verkehr f\u00fcr Hamburg, Niedersachsen, Schleswig-Holstein und Mecklenburg-Vorpommern.<\/p>\n<p>    Baustelle in Hamburg sorgt f\u00fcr Engp\u00e4sse<\/p>\n<p class=\"\">In Hamburg ist weiter die Baustelle an der Norderelbbr\u00fccke ein Nadel\u00f6hr, da dort weniger Fahrspuren frei sind und Tempo 60 gilt. Im Bereich der Br\u00fccke und auf der B75 kann es aus diesem Grund zu R\u00fcckstaus kommen. Der Bereich sollte weitr\u00e4umig umfahren werden, r\u00e4t der ADAC. Zudem ist in Hamburg am Wochenende die B75 zwischen Georgswerder und Wilhelmsburg-S\u00fcd wegen Bauarbeiten gesperrt. Auch auf den Zufahrten zu den K\u00fcstenorten und rund um die Elbquerungen sollten Autofahrende mit Verz\u00f6gerungen rechnen und entsprechend mehr Zeit einplanen.<\/p>\n<p class=\"\">An der Grenze zu D\u00e4nemark kontrollieren Beamte stichprobenartig, was zu Wartezeiten f\u00fchren kann. Erfahrungsgem\u00e4\u00df kann zu Ferienbeginn auch die Autozug-Verladung nach Sylt in Nieb\u00fcll l\u00e4nger dauern. Die Zugverbindungen sind am ersten Ferien-Wochenende ebenfalls gut bis sehr gut gebucht. Und am Flughafen Hamburg z\u00e4hlen die Herbstferien zu den reisest\u00e4rksten Tagen &#8211; mit bis zu 55.000 Flugg\u00e4sten t\u00e4glich.<\/p>\n<p>    Besser am fr\u00fchen Samstag oder am Sonntag starten<\/p>\n<p class=\"\">Wer zeitlich flexibel ist, sollte die Urlaubsreise mit dem Auto oder Camper laut ADAC besser am fr\u00fchen Samstagmorgen oder erst am Sonntag starten, wenn das Lkw-Fahrverbot gilt. So l\u00e4sst sich ein &#8222;Aufenthalt mit Ansage&#8220; in den heute drohenden Staus entgehen. Auch die anderen Tipps sind nicht ganz neu, k\u00f6nnen aber hilfreich sein: Bei der Planung der Reiseroute sollte auf aktuelle Verkehrsmeldungen geachtet werden und auch Ausweichstrecken gepr\u00fcft werden. F\u00fcr den Fall von langen Staus sollten f\u00fcr alle im Fahrzeug ausreichend Getr\u00e4nke und Snacks eingepackt werden.<\/p>\n<p class=\"\">Als Reisealternative zum Auto steht das Angebot der Deutschen Bahn und von anderen Zug-Anbietern zur Verf\u00fcgung. Allerdings sind viele Verbindungen am ersten Ferien-Wochenende meist gut bis sehr gut gebucht.<\/p>\n<p>    So funktioniert die Rettungsgasse<\/p>\n<p class=\"\">In den Ferien wird das Thema <a href=\"https:\/\/www.ndr.de\/ratgeber\/verbraucher\/Rettungsgasse-im-Stau-richtig-bilden-sonst-droht-Bussgeld,rettungsgasse110.html\" title=\"Rettungsgasse im Stau richtig bilden - sonst droht Bu\u00dfgeld\" rel=\"nofollow noopener\" target=\"_blank\">Rettungsgasse<\/a> wieder pr\u00e4senter. Ganz wichtig: Die Rettungsgasse muss schon dann gebildet werden, wenn der Verkehr stockt, und nicht erst, wenn die Rettungskr\u00e4fte mit Blaulicht und Martinshorn von hinten kommen. In engen Baustellenbereichen kann es schwierig bis unm\u00f6glich werden, eine Rettungsgasse zu bilden, aufgrund deutlich schmalerer Fahrspuren. In diesem Fall ist es wichtig, mit gen\u00fcgend Abstand versetzt zu fahren. So k\u00f6nnen die Fahrzeuge im Ernstfall in die rechte Spur einf\u00e4deln und damit den linken Fahrstreifen f\u00fcr Rettungskr\u00e4fte frei machen.<\/p>\n<p>        <img decoding=\"async\" src=\"https:\/\/www.europesays.com\/de\/wp-content\/uploads\/2025\/10\/rettungsgasse188.webp\" alt=\"Ein Polizeiwagen f\u00e4hrt auf der Autobahn durch eine Rettungsgasse.\" title=\"Ein Polizeiwagen f\u00e4hrt auf der Autobahn durch eine Rettungsgasse. | imago images \/ Arnulf Hettrich\" class=\"responsive\" loading=\"lazy\"\/><\/p>\n<p>Helferinnen und Helfer m\u00fcssen Unfallstellen schnell erreichen k\u00f6nnen. Eine freie Rettungsgasse ist dabei im Ernstfall \u00fcberlebenswichtig.<\/p>\n<p>        <img decoding=\"async\" src=\"https:\/\/www.europesays.com\/de\/wp-content\/uploads\/2025\/08\/wetterbild-3470.webp\" alt=\"Ein zur H\u00e4lfte geerntetes Weizenfeld in Springe\" title=\"Ein zur H\u00e4lfte geerntetes Weizenfeld in Springe | NDR, Bernd Sch\u00f6nebaum\" class=\"responsive\" loading=\"lazy\"\/><\/p>\n<p>Regen? Sonne? Sturm? Hier finden Sie das aktuelle Wetter und die Vorhersage f\u00fcr ganz Norddeutschland.<\/p>\n","protected":false},"excerpt":{"rendered":"Stand: 17.10.2025 16:40 Uhr Der Beginn der Herbstferien in Schleswig-Holstein, Mecklenburg-Vorpommern und Hamburg d\u00fcrfte am Wochenende f\u00fcr viel&hellip;\n","protected":false},"author":2,"featured_media":506035,"comment_status":"","ping_status":"","sticky":false,"template":"","format":"standard","meta":{"footnotes":""},"categories":[1834],"tags":[11999,3364,29,3688,4532,30,692,1351,1411,1209,1971,5716,601],"class_list":{"0":"post-506034","1":"post","2":"type-post","3":"status-publish","4":"format-standard","5":"has-post-thumbnail","7":"category-essen","8":"tag-herbstferien","9":"tag-de","10":"tag-deutschland","11":"tag-essen","12":"tag-ferien","13":"tag-germany","14":"tag-hamburg","15":"tag-mecklenburg-vorpommern","16":"tag-niedersachsen","17":"tag-nordrhein-westfalen","18":"tag-schleswig-holstein","19":"tag-stau","20":"tag-verkehr"},"share_on_mastodon":{"url":"https:\/\/pubeurope.com\/@de\/115390043071105139","error":""},"_links":{"self":[{"href":"https:\/\/www.europesays.com\/de\/wp-json\/wp\/v2\/posts\/506034","targetHints":{"allow":["GET"]}}],"collection":[{"href":"https:\/\/www.europesays.com\/de\/wp-json\/wp\/v2\/posts"}],"about":[{"href":"https:\/\/www.europesays.com\/de\/wp-json\/wp\/v2\/types\/post"}],"author":[{"embeddable":true,"href":"https:\/\/www.europesays.com\/de\/wp-json\/wp\/v2\/users\/2"}],"replies":[{"embeddable":true,"href":"https:\/\/www.europesays.com\/de\/wp-json\/wp\/v2\/comments?post=506034"}],"version-history":[{"count":0,"href":"https:\/\/www.europesays.com\/de\/wp-json\/wp\/v2\/posts\/506034\/revisions"}],"wp:featuredmedia":[{"embeddable":true,"href":"https:\/\/www.europesays.com\/de\/wp-json\/wp\/v2\/media\/506035"}],"wp:attachment":[{"href":"https:\/\/www.europesays.com\/de\/wp-json\/wp\/v2\/media?parent=506034"}],"wp:term":[{"taxonomy":"category","embeddable":true,"href":"https:\/\/www.europesays.com\/de\/wp-json\/wp\/v2\/categories?post=506034"},{"taxonomy":"post_tag","embeddable":true,"href":"https:\/\/www.europesays.com\/de\/wp-json\/wp\/v2\/tags?post=506034"}],"curies":[{"name":"wp","href":"https:\/\/api.w.org\/{rel}","templated":true}]}}