{"id":506045,"date":"2025-10-17T14:49:14","date_gmt":"2025-10-17T14:49:14","guid":{"rendered":"https:\/\/www.europesays.com\/de\/506045\/"},"modified":"2025-10-17T14:49:14","modified_gmt":"2025-10-17T14:49:14","slug":"duesseldorf-weltrekord-im-liegestuetzen-wie-ilja-mazar-sich-ins-guinnes-buch-eintrug","status":"publish","type":"post","link":"https:\/\/www.europesays.com\/de\/506045\/","title":{"rendered":"D\u00fcsseldorf: Weltrekord im Liegest\u00fctzen &#8211; Wie Ilja Mazar sich ins Guinnes-Buch eintrug"},"content":{"rendered":"<p class=\"text_ohne_einzug richtext text-em-55 !leading-serif mx-6 desktop:mx-0\">Ilja Mazar sagt, fr\u00fcher sei er ein durchschnittlicher Typ gewesen. \u201eIch hatte noch nicht mal ein Sixpack oder so. H\u00f6chstens in Form meiner Falten am Bauch, wenn ich zu lange auf der Couch gesessen habe\u201c, sagt er und lacht. Mehr als 680 Tage sei das nun her. Heute, fast zwei Jahre sp\u00e4ter, ist der D\u00fcsseldorfer definitiv nicht mehr durchschnittlich. Nicht nur, was \u00e4u\u00dferliche Aspekte betrifft: Denn Mazar schaffte es am vergangenen Wochenende mit einem Eintrag ins Guinness-Buch der Rekorde, und zwar f\u00fcr Liegest\u00fctze. Unglaubliche 1651 \u201eChest-to-ground\u201c-Liegest\u00fctze hat er dabei innerhalb einer Stunde absolviert. Am St\u00fcck, ohne einmal abzusetzen. Das hatte vor ihm \u2013 zumindest offiziell dokumentiert \u2013 noch keiner geschafft.<\/p>\n","protected":false},"excerpt":{"rendered":"Ilja Mazar sagt, fr\u00fcher sei er ein durchschnittlicher Typ gewesen. \u201eIch hatte noch nicht mal ein Sixpack oder&hellip;\n","protected":false},"author":2,"featured_media":506046,"comment_status":"","ping_status":"","sticky":false,"template":"","format":"standard","meta":{"footnotes":""},"categories":[1831],"tags":[1797,3364,29,126335,3405,126332,39358,30,41625,126333,126334,126331,1209,6147,126337,23084,126338,126336,14369],"class_list":{"0":"post-506045","1":"post","2":"type-post","3":"status-publish","4":"format-standard","5":"has-post-thumbnail","7":"category-duesseldorf","8":"tag-buch","9":"tag-de","10":"tag-deutschland","11":"tag-durchschnittlicher","12":"tag-duesseldorf","13":"tag-eintrag","14":"tag-fruehstuecksfernsehen","15":"tag-germany","16":"tag-geschafft","17":"tag-liegestuetze","18":"tag-liegestuetzen","19":"tag-mazar","20":"tag-nordrhein-westfalen","21":"tag-rekord","22":"tag-schafft","23":"tag-stueck","24":"tag-stueckzahl","25":"tag-typ","26":"tag-weltrekord"},"share_on_mastodon":{"url":"https:\/\/pubeurope.com\/@de\/115390065169879867","error":""},"_links":{"self":[{"href":"https:\/\/www.europesays.com\/de\/wp-json\/wp\/v2\/posts\/506045","targetHints":{"allow":["GET"]}}],"collection":[{"href":"https:\/\/www.europesays.com\/de\/wp-json\/wp\/v2\/posts"}],"about":[{"href":"https:\/\/www.europesays.com\/de\/wp-json\/wp\/v2\/types\/post"}],"author":[{"embeddable":true,"href":"https:\/\/www.europesays.com\/de\/wp-json\/wp\/v2\/users\/2"}],"replies":[{"embeddable":true,"href":"https:\/\/www.europesays.com\/de\/wp-json\/wp\/v2\/comments?post=506045"}],"version-history":[{"count":0,"href":"https:\/\/www.europesays.com\/de\/wp-json\/wp\/v2\/posts\/506045\/revisions"}],"wp:featuredmedia":[{"embeddable":true,"href":"https:\/\/www.europesays.com\/de\/wp-json\/wp\/v2\/media\/506046"}],"wp:attachment":[{"href":"https:\/\/www.europesays.com\/de\/wp-json\/wp\/v2\/media?parent=506045"}],"wp:term":[{"taxonomy":"category","embeddable":true,"href":"https:\/\/www.europesays.com\/de\/wp-json\/wp\/v2\/categories?post=506045"},{"taxonomy":"post_tag","embeddable":true,"href":"https:\/\/www.europesays.com\/de\/wp-json\/wp\/v2\/tags?post=506045"}],"curies":[{"name":"wp","href":"https:\/\/api.w.org\/{rel}","templated":true}]}}