{"id":506047,"date":"2025-10-17T14:50:12","date_gmt":"2025-10-17T14:50:12","guid":{"rendered":"https:\/\/www.europesays.com\/de\/506047\/"},"modified":"2025-10-17T14:50:12","modified_gmt":"2025-10-17T14:50:12","slug":"fortuna-duesseldorf-spielt-gegen-viktoria-koeln","status":"publish","type":"post","link":"https:\/\/www.europesays.com\/de\/506047\/","title":{"rendered":"Fortuna D\u00fcsseldorf spielt gegen Viktoria K\u00f6ln"},"content":{"rendered":"<p class=\"text_ohne_einzug richtext text-em-55 !leading-serif mx-6 desktop:mx-0\">(magi) Sie holten nur einen Sieg aus den ersten vier Saisonspielen und schieden dar\u00fcber hinaus auch in der ersten Runde des DFB-Juniorenpokals gegen einen klassentieferen Gegner aus. Keine Frage \u2013 der Saisonstart von Fortunas U19-Fu\u00dfballern verlief holprig. Ihr Tief haben die Spieler von Engin Vural aber hinter sich gelassen und stattdessen zu einem H\u00f6henflug angesetzt<\/p>\n<p class=\"richtext text-em-55 !leading-serif mx-6 desktop:mx-0\">Die letzten drei Spiele in der DFB-Nachwuchsliga gingen alle an die Fortuna. Am Samstag m\u00f6chte die Rot-Wei\u00dfen ihren Erfolgslauf bei Viktoria K\u00f6ln fortsetzen. \u201eIch hoffe, die Jungs k\u00f6nnen den Schwung nach der kurzen Pause wieder aufnehmen\u201c, sagt der Trainer, der sein Team mit feinem H\u00e4ndchen in die Erfolgsspur zur\u00fcckgef\u00fchrt hat. \u201eWir haben taktisch an ein bis zwei Stellschrauben gedreht. Die \u00c4nderungen haben gewirkt, die Mannschaft f\u00fchlt sich in der jetzigen Struktur wohl\u201c, erkl\u00e4rt Vural.<\/p>\n<p class=\"richtext text-em-55 !leading-serif mx-6 desktop:mx-0\">Das soll am Samstag auch der Gegner aus der Domstadt zu sp\u00fcren bekommen, der das Hinspiel am Flinger Broich noch mit 2:1 f\u00fcr sich entscheiden konnte. F\u00fcr Engin Vural spielt das Ergebnis von damals an diesem Wochenende ebenso wenig eine Rolle wie die Tabelle. In dieser liegen die Flingeraner zwei Z\u00e4hler vor Viktoria K\u00f6ln auf Rang drei. Dieser k\u00f6nnte mit einem Sieg zementiert und gleichzeitig der unmittelbare Kontakt zum Tabellenzweiten 1. FC K\u00f6ln gewahrt werden. Die \u201eGei\u00dfb\u00f6cke\u201c w\u00e4ren nach jetzigem Stand gemeinsam mit dem souver\u00e4nen Spitzenreiter FSV Mainz 05 sicher f\u00fcr die Liga A im zweiten Saisonhalbjahr qualifiziert. Ein Ziel, was auch Engin Vural und seine Spieler nicht aus den Augen verlieren m\u00f6chten, wenngleich andere Dinge im Vordergrund stehen.<\/p>\n<p class=\"richtext text-em-55 !leading-serif mx-6 desktop:mx-0\">Zu ihnen z\u00e4hlt die Entwicklung der einzelnen Spieler. Dass die U19 zuletzt drei Akteure f\u00fcr Junioren-Nationalmannschaften abstellte, ist auch ein Beleg f\u00fcr die geleistete Arbeit. Adrijan Pesa stand am Dienstag noch gut eine Viertelstunde f\u00fcr Kroatiens U19 im L\u00e4nderspiel gegen Schweden auf dem Platz, w\u00e4hrend Abwehrspieler Agon Bajrami am vergangenen Sonntag zur Startelf der nordmazedonischen U19 geh\u00f6rte, die ihre Partie gegen <a href=\"https:\/\/rp-online.de\/thema\/montenegro\/\" rel=\"nofollow noopener\" target=\"_blank\">Montenegro<\/a> mit 4:2 gewann. Immerhin zum erweiterten Kader der deutschen Auswahl z\u00e4hlte Elias Arden. \u201eAuch f\u00fcr ihn ist das eine tolle Sache\u201c, sagt Vural \u00fcber seinen Sch\u00fctzling, der noch dem j\u00fcngeren U18-Jahrgang angeh\u00f6rt, in der U19 aber schon zum Stammpersonal z\u00e4hlt.<\/p>\n","protected":false},"excerpt":{"rendered":"(magi) Sie holten nur einen Sieg aus den ersten vier Saisonspielen und schieden dar\u00fcber hinaus auch in der&hellip;\n","protected":false},"author":2,"featured_media":506048,"comment_status":"","ping_status":"","sticky":false,"template":"","format":"standard","meta":{"footnotes":""},"categories":[1831],"tags":[126340,3364,29,481,3405,74287,126339,6223,30,1420,1209,28335,29740,67750,17293],"class_list":{"0":"post-506047","1":"post","2":"type-post","3":"status-publish","4":"format-standard","5":"has-post-thumbnail","7":"category-duesseldorf","8":"tag-arden","9":"tag-de","10":"tag-deutschland","11":"tag-dfb","12":"tag-duesseldorf","13":"tag-engin","14":"tag-erfolgslauf","15":"tag-fortuna","16":"tag-germany","17":"tag-koeln","18":"tag-nordrhein-westfalen","19":"tag-u19","20":"tag-viktoria","21":"tag-vural","22":"tag-zaehlt"},"share_on_mastodon":{"url":"https:\/\/pubeurope.com\/@de\/115390069224902968","error":""},"_links":{"self":[{"href":"https:\/\/www.europesays.com\/de\/wp-json\/wp\/v2\/posts\/506047","targetHints":{"allow":["GET"]}}],"collection":[{"href":"https:\/\/www.europesays.com\/de\/wp-json\/wp\/v2\/posts"}],"about":[{"href":"https:\/\/www.europesays.com\/de\/wp-json\/wp\/v2\/types\/post"}],"author":[{"embeddable":true,"href":"https:\/\/www.europesays.com\/de\/wp-json\/wp\/v2\/users\/2"}],"replies":[{"embeddable":true,"href":"https:\/\/www.europesays.com\/de\/wp-json\/wp\/v2\/comments?post=506047"}],"version-history":[{"count":0,"href":"https:\/\/www.europesays.com\/de\/wp-json\/wp\/v2\/posts\/506047\/revisions"}],"wp:featuredmedia":[{"embeddable":true,"href":"https:\/\/www.europesays.com\/de\/wp-json\/wp\/v2\/media\/506048"}],"wp:attachment":[{"href":"https:\/\/www.europesays.com\/de\/wp-json\/wp\/v2\/media?parent=506047"}],"wp:term":[{"taxonomy":"category","embeddable":true,"href":"https:\/\/www.europesays.com\/de\/wp-json\/wp\/v2\/categories?post=506047"},{"taxonomy":"post_tag","embeddable":true,"href":"https:\/\/www.europesays.com\/de\/wp-json\/wp\/v2\/tags?post=506047"}],"curies":[{"name":"wp","href":"https:\/\/api.w.org\/{rel}","templated":true}]}}