{"id":506049,"date":"2025-10-17T14:51:18","date_gmt":"2025-10-17T14:51:18","guid":{"rendered":"https:\/\/www.europesays.com\/de\/506049\/"},"modified":"2025-10-17T14:51:18","modified_gmt":"2025-10-17T14:51:18","slug":"stuttgarter-weihnachtsmarkt-der-antikmarkt-kehrt-zurueck-die-winterhuette-muss-weichen","status":"publish","type":"post","link":"https:\/\/www.europesays.com\/de\/506049\/","title":{"rendered":"Stuttgarter Weihnachtsmarkt: Der Antikmarkt kehrt zur\u00fcck: Die Winterh\u00fctte muss weichen"},"content":{"rendered":"<p>\t\t\t\t\t\t\t\t\t\t\t\t\t\t\t\t\t\t\t\t\t\t\t\t\t\t\t\t      \t\t            \t\t             \t\t\t\t   \t\t\t\t\t   <img decoding=\"async\" id=\"article-image\" fetchpriority=\"high\" alt=\"Stuttgarter Weihnachtsmarkt: Der Antikmarkt kehrt zur\u00fcck: Die Winterh\u00fctte muss weichen\" title=\"Stuttgarter Weihnachtsmarkt: Der Antikmarkt kehrt zur\u00fcck: Die Winterh\u00fctte muss weichen\" src=\"https:\/\/www.europesays.com\/de\/wp-content\/uploads\/2025\/10\/media.media.78240ebb-2403-412e-95c4-418c9279238e.16x9_700.jpg\" data-linkto=\"https:\/\/www.stuttgarter-nachrichten.de\/javascript:void(0);\"\/>\t\t\t\t\t\t\t\t\t\t\t\t\t\t\t\t\t\t\t\t\t\t\t\tWieder beim Weihnachtsmarkt zu finden: Der Antikmarkt, allerdings in anderer Anmutung als fr\u00fcher.\u00a0Foto: Michael Steinert\t\t\t<\/p>\n<p>Nach drei Jahren ist Schluss f\u00fcr die Winterh\u00fctte beim Weihnachtsmarkt. Der Antikmarkt kehrt zur\u00fcck auf den Karlsplatz.<\/p>\n<p>Die Kritik wurde geh\u00f6rt: Der Bezirksbeirat Mitte hatte Thomas Lehmann nahegelegt, sich zu \u00fcberlegen, wie der <a href=\"https:\/\/www.stuttgarter-nachrichten.de\/inhalt.weihnachtsmarkt-stuttgart-stadtraete-schaffen-lebende-krippe-ab.bf266c59-d5e0-4eee-a438-085cf51aa18a.html\" target=\"_blank\" rel=\"noopener\">Weihnachtsmarkt auf dem Karlsplatz anders zu bespielen<\/a> ist. Der Gesch\u00e4ftsf\u00fchrer der M\u00e4rkte <a href=\"https:\/\/www.stuttgarter-nachrichten.de\/thema\/Stuttgart\" title=\"Stuttgart\" class=\"art_thema\" target=\"_blank\" rel=\"noopener\">Stuttgart<\/a> lieferte. Der Vertrag der Winterh\u00fctte wurde nach drei Jahren nicht verl\u00e4ngert. Und eine neue Nutzung gesucht und gefunden.<\/p>\n<p>  <img decoding=\"async\" loading=\"lazy\" src=\"https:\/\/www.europesays.com\/de\/wp-content\/uploads\/2025\/10\/media.media.26da4731-8700-4973-bdc8-a0000870a052.original1024.media.jpeg\"\/>     Die Winterh\u00fctte wird nicht mehr auf dem   <a href=\"https:\/\/www.stuttgarter-nachrichten.de\/thema\/Karlsplatz\" title=\"Karlsplatz\" class=\"art_thema\" target=\"_blank\" rel=\"noopener\">Karlsplatz<\/a> stehen.    Foto: LG\/Leif Piechowski    <\/p>\n<p>Auf die Vorw\u00fcrfe will Lehmann nicht n\u00e4her eingehen. Er sagt, \u201ees hat sich nicht so entwickelt, wie wir es uns vorgestellt haben\u201c. Also suchte man eine Alternative. \u00dcber vieles habe man nachgedacht, etwa eine Gl\u00fchweinpyramide oder eine Apr\u00e9s-Ski-Bar. Und sich dann doch auf etwas besonnen, was mehr den Geist der Weihnacht atmet und Besinnlichkeit ausstrahlt: den Kunsthandwerks- und Tr\u00f6delmarkt. <\/p>\n<p>20 Jahre lang war das Antikzelt auf dem Karlsplatz eine beliebte Adresse f\u00fcr Liebhaber alter Kostbarkeiten. Bis zu 26 H\u00e4ndler hatten die ganze Bandbreite pr\u00e4sentiert, die Sammlerherzen h\u00f6her schlagen l\u00e4sst: Alten Christbaumschmuck aus Gablonz und Lauscha, Schmuck, Porzellan, Gl\u00e4ser, Bilder, Plastiken, Spielzeug, B\u00fccher, Textilien, Werkzeug. <\/p>\n<p> K\u00fcrzere \u00d6ffnungszeiten auf Stuttgarter Weihnachtsmarkt <\/p>\n<p>Vor vier Jahren galt das noch als altbacken, man wollte die H\u00fctte und mehr Party haben. Die vertriebenen H\u00e4ndler gingen im Weihnachtsmarkt auf. Nun kehren sie zur\u00fcck. Auch<a href=\"https:\/\/www.stuttgarter-nachrichten.de\/inhalt.fruehjahrsflohmarkt-in-stuttgart-viel-andrang-bei-kitsch-kruscht-und-kunst.72b6ef18-e61b-4538-97df-774f2f78d877.html\" target=\"_blank\" rel=\"noopener\"> beim Flohmarkt ist die Freude gro\u00df<\/a>, dass sie samstags nicht mehr mit der Winterh\u00fctte mit Dieselaggregat und blauen Planen konfrontiert sind. \u201eDas Ganze ist nun stimmiger\u201c, sagt J\u00f6rg Tr\u00fcdinger, Sprecher des Flohmarkts. Ge\u00f6ffnet sind die St\u00e4nde von 12 bis 21 Uhr, also etwas k\u00fcrzer als die anderen Buden auf dem Weihnachtsmarkt, die um 11 Uhr \u00f6ffnen und freitags und samstags um 22 Uhr schlie\u00dfen. <\/p>\n<p>Der Stuttgarter Weihnachtsmarkt beginnt am 26. November und endet am 23. Dezember. Dieses Jahr wieder mit einem Antikmarkt. <\/p>\n","protected":false},"excerpt":{"rendered":"Wieder beim Weihnachtsmarkt zu finden: Der Antikmarkt, allerdings in anderer Anmutung als fr\u00fcher.\u00a0Foto: Michael Steinert Nach drei Jahren&hellip;\n","protected":false},"author":2,"featured_media":506050,"comment_status":"","ping_status":"","sticky":false,"template":"","format":"standard","meta":{"footnotes":""},"categories":[1830],"tags":[114917,1634,3364,29,30,2921,1441,85897,8497,126341],"class_list":{"0":"post-506049","1":"post","2":"type-post","3":"status-publish","4":"format-standard","5":"has-post-thumbnail","7":"category-stuttgart","8":"tag-antikmarkt","9":"tag-baden-wuerttemberg","10":"tag-de","11":"tag-deutschland","12":"tag-germany","13":"tag-karlsplatz","14":"tag-stuttgart","15":"tag-textmanager","16":"tag-weihnachtsmarkt","17":"tag-winterhuette"},"share_on_mastodon":{"url":"https:\/\/pubeurope.com\/@de\/115390073682188848","error":""},"_links":{"self":[{"href":"https:\/\/www.europesays.com\/de\/wp-json\/wp\/v2\/posts\/506049","targetHints":{"allow":["GET"]}}],"collection":[{"href":"https:\/\/www.europesays.com\/de\/wp-json\/wp\/v2\/posts"}],"about":[{"href":"https:\/\/www.europesays.com\/de\/wp-json\/wp\/v2\/types\/post"}],"author":[{"embeddable":true,"href":"https:\/\/www.europesays.com\/de\/wp-json\/wp\/v2\/users\/2"}],"replies":[{"embeddable":true,"href":"https:\/\/www.europesays.com\/de\/wp-json\/wp\/v2\/comments?post=506049"}],"version-history":[{"count":0,"href":"https:\/\/www.europesays.com\/de\/wp-json\/wp\/v2\/posts\/506049\/revisions"}],"wp:featuredmedia":[{"embeddable":true,"href":"https:\/\/www.europesays.com\/de\/wp-json\/wp\/v2\/media\/506050"}],"wp:attachment":[{"href":"https:\/\/www.europesays.com\/de\/wp-json\/wp\/v2\/media?parent=506049"}],"wp:term":[{"taxonomy":"category","embeddable":true,"href":"https:\/\/www.europesays.com\/de\/wp-json\/wp\/v2\/categories?post=506049"},{"taxonomy":"post_tag","embeddable":true,"href":"https:\/\/www.europesays.com\/de\/wp-json\/wp\/v2\/tags?post=506049"}],"curies":[{"name":"wp","href":"https:\/\/api.w.org\/{rel}","templated":true}]}}