{"id":506051,"date":"2025-10-17T14:52:19","date_gmt":"2025-10-17T14:52:19","guid":{"rendered":"https:\/\/www.europesays.com\/de\/506051\/"},"modified":"2025-10-17T14:52:19","modified_gmt":"2025-10-17T14:52:19","slug":"vfb-stuttgart-7-spiele-in-3-wochen-reicht-der-kader-fuer-die-xxl-wochen-sport","status":"publish","type":"post","link":"https:\/\/www.europesays.com\/de\/506051\/","title":{"rendered":"VfB Stuttgart: 7 Spiele in 3 Wochen: Reicht der Kader f\u00fcr die XXL-Wochen? | Sport"},"content":{"rendered":"<p><b>Jetzt wird&#8217;s ernst!<\/b><\/p>\n<p>Auf Platz vier ist der VfB Stuttgart in der Bundesliga aktuell auf Champions-League-Kurs. Doch die Wochen der Wahrheit fangen jetzt erst an. Das Spiel beim <a href=\"https:\/\/www.bild.de\/sport\/fussball\/vfl-wolfsburg\/startseite-vfl-wolfsburg-31074442.bild.html\" rel=\"nofollow noopener\" class=\"text-link\" target=\"_blank\">VfL Wolfsburg<\/a> am Samstag (15.30 Uhr\/Sky) bildet den Auftakt f\u00fcr ein XXL-Programm, das es in sich hat.<\/p>\n<p>Auch interessant<\/p>\n<p>Anzeige<\/p>\n<p>Auch interessant<\/p>\n<p>Anzeige<\/p>\n<p>In <a href=\"https:\/\/www.bild.de\/sport\/fussball\/bundesliga\/bundesliga-startseite-52368768.bild.html\" rel=\"nofollow noopener\" class=\"text-link\" target=\"_blank\">Bundesliga<\/a>, Pokal und Europa League warten auf den <a href=\"https:\/\/www.bild.de\/sport\/fussball\/vfb-stuttgart\/startseite-stuttgart-31074430.bild.html\" rel=\"nofollow noopener\" class=\"text-link\" target=\"_blank\">VfB<\/a> bis zur n\u00e4chsten L\u00e4nderspielpause im November sieben (!) Spiele in drei Wochen, darunter die schwierigen Ausw\u00e4rtsfahrten nach Istanbul (23.10.), Leipzig (1.11.) und Dortmund (22.11.). In den n\u00e4chsten Spielen wird sich zeigen, wie gut der VfB-Kader wirklich ist&#8230;<\/p>\n<p><b>Nach dem Verletzungsschock um Ermedin Demirovic (27\/Mittelfu\u00df), der bis zu acht Wochen ausf\u00e4llt, gilt in Stuttgart ab sofort das Motto: Jeder Spieler ist wichtig!<\/b><\/p>\n<p>Um das zu betonen, schafft der Trainer sogar die Stammpl\u00e4tze ab. Sebastian Hoene\u00df (43): \u201eIch halte nichts von einer A- und B-Elf. Im Spitzenfu\u00dfball gibt es keine erste Elf mehr. Wir haben jetzt viele Spiele, m\u00fcssen die Belastung gut steuern. Daf\u00fcr brauchen wir einen guten Kader mit Konkurrenzkampf und viele Spieler, die auf einem guten Level sind.\u201c<\/p>\n<p>Mehr zum Thema<\/p>\n<p>W\u00e4hrend bei den Knipsern weiter Kreativit\u00e4t gefragt ist, hat Hoene\u00df in der Abwehr die Qual der Wahl: Nach der R\u00fcckkehr von Top-Talent Finn Jeltsch (19\/Adduktoren) stehen aktuell f\u00fcnf fitte Innenverteidiger im Kader, auch die R\u00fcckkehr von Dan-Axel Zagadou (26\/nach Knie-OP) d\u00fcrfte nicht mehr lange dauern. Ein Luxusproblem!<\/p>\n<p><b>Hoene\u00df: \u201eIch bin froh \u00fcber die Situation in der Abwehr. Es ist nicht lange her, da sah es noch ganz anders aus.\u201c<\/b><\/p>\n<p>Fuss enth\u00fcllt \u201cKaiser\u201c-Anekdote: Beckenbauer stoppte ein Linien-Flugzeug<a class=\"anchor video-teaser__anchor\" href=\"https:\/\/www.bild.de\/sport\/fussball\/beckenbauer-stoppte-ein-linien-flugzeug-fuss-enthuellt-anekdote-68f0e277eb3cf3eedf197caf\" target=\"_blank\" rel=\"noopener\"><img decoding=\"async\" width=\"992\" height=\"558\" alt=\"Beckenbauer stoppte ein Linien-Flugzeug \u2013 Fuss enth\u00fcllt Anekdote\" src=\"https:\/\/www.europesays.com\/de\/wp-content\/uploads\/2025\/10\/ec50c0f222168de501381e5c44e26cf8-landscape,dfb995cb\"   class=\"landscape teaser__image\" loading=\"lazy\"\/><\/a><\/p>\n<p>Quelle: BILD17.10.2025<\/p>\n","protected":false},"excerpt":{"rendered":"Jetzt wird&#8217;s ernst! Auf Platz vier ist der VfB Stuttgart in der Bundesliga aktuell auf Champions-League-Kurs. Doch die&hellip;\n","protected":false},"author":2,"featured_media":506052,"comment_status":"","ping_status":"","sticky":false,"template":"","format":"standard","meta":{"footnotes":""},"categories":[1830],"tags":[1634,3364,29,5855,347,30,3861,1470,1441,45,2915,14882,14881],"class_list":{"0":"post-506051","1":"post","2":"type-post","3":"status-publish","4":"format-standard","5":"has-post-thumbnail","7":"category-stuttgart","8":"tag-baden-wuerttemberg","9":"tag-de","10":"tag-deutschland","11":"tag-europa-league","12":"tag-fussball","13":"tag-germany","14":"tag-hoeness-sebastian","15":"tag-sport-leuchtturm-muenchen","16":"tag-stuttgart","17":"tag-texttospeech","18":"tag-vfb-stuttgart","19":"tag-wehrle-alexander","20":"tag-wohlgemuth-fabian"},"share_on_mastodon":{"url":"https:\/\/pubeurope.com\/@de\/115390077059065310","error":""},"_links":{"self":[{"href":"https:\/\/www.europesays.com\/de\/wp-json\/wp\/v2\/posts\/506051","targetHints":{"allow":["GET"]}}],"collection":[{"href":"https:\/\/www.europesays.com\/de\/wp-json\/wp\/v2\/posts"}],"about":[{"href":"https:\/\/www.europesays.com\/de\/wp-json\/wp\/v2\/types\/post"}],"author":[{"embeddable":true,"href":"https:\/\/www.europesays.com\/de\/wp-json\/wp\/v2\/users\/2"}],"replies":[{"embeddable":true,"href":"https:\/\/www.europesays.com\/de\/wp-json\/wp\/v2\/comments?post=506051"}],"version-history":[{"count":0,"href":"https:\/\/www.europesays.com\/de\/wp-json\/wp\/v2\/posts\/506051\/revisions"}],"wp:featuredmedia":[{"embeddable":true,"href":"https:\/\/www.europesays.com\/de\/wp-json\/wp\/v2\/media\/506052"}],"wp:attachment":[{"href":"https:\/\/www.europesays.com\/de\/wp-json\/wp\/v2\/media?parent=506051"}],"wp:term":[{"taxonomy":"category","embeddable":true,"href":"https:\/\/www.europesays.com\/de\/wp-json\/wp\/v2\/categories?post=506051"},{"taxonomy":"post_tag","embeddable":true,"href":"https:\/\/www.europesays.com\/de\/wp-json\/wp\/v2\/tags?post=506051"}],"curies":[{"name":"wp","href":"https:\/\/api.w.org\/{rel}","templated":true}]}}