{"id":506055,"date":"2025-10-17T14:54:13","date_gmt":"2025-10-17T14:54:13","guid":{"rendered":"https:\/\/www.europesays.com\/de\/506055\/"},"modified":"2025-10-17T14:54:13","modified_gmt":"2025-10-17T14:54:13","slug":"frankfurt-buchmesse-2025-tickets-oeffnungszeiten-und-highlights","status":"publish","type":"post","link":"https:\/\/www.europesays.com\/de\/506055\/","title":{"rendered":"Frankfurt Buchmesse 2025: Tickets, \u00d6ffnungszeiten und Highlights"},"content":{"rendered":"<p>Lesepublikum darf rein <\/p>\n<p>Gro\u00dfer Andrang auf der Frankfurter Buchmesse<\/p>\n<p>17.10.2025 &#8211; 14:46 UhrLesedauer: 2 Min.<\/p>\n<p><a href=\"#focus-0\" class=\"transition-colors duration-200 block text-current relative\" data-sctrack=\"FocusGalleryImage.Reference\"><img fetchpriority=\"high\" data-testid=\"Opener.Image\" style=\"--lqipURL:url('https:\/\/images.t-online.de\/2025\/10\/iDaDVvCpzsgT\/0x220:2048x1152\/fit-in\/150x0\/filters:blur(25)\/fachbesucher-stehen-am-messestand-des-lyx-verlags-an-der-verlag-lyx-spezialisiert-auf-new-adult-und-romance-literatur-auf-der-frankfurter-buchmesse.jpg')\"   loading=\"eager\" src=\"https:\/\/www.europesays.com\/de\/wp-content\/uploads\/2025\/10\/fachbesucher-stehen-am-messestand-des-lyx-verlags-an-der-verlag-lyx-spezialisiert-auf-new-adult-und-.jpeg\" alt=\"Fachbesucher stehen am Messestand des \u201eLYX\u201c Verlags an. Der Verlag \u201eLYX\u201c , spezialisiert auf New Adult und Romance Literatur auf der Frankfurter Buchmesse.\" title=\"Fachbesucher stehen am Messestand des \u201eLYX\u201c Verlags an. Der Verlag \u201eLYX\u201c , spezialisiert auf New Adult und Romance Literatur auf der Frankfurter Buchmesse.\" width=\"2048\" height=\"1152\" class=\"bg-[url:var(--lqipURL)] bg-cover bg-center flex h-full w-full max-w-full\" decoding=\"async\"\/><img style=\"--width:32;--height:32\" loading=\"lazy\" src=\"https:\/\/frankfurt.t-online.de\/s\/paper\/_next\/static\/media\/zoom-in.f7dae02f.svg\" alt=\"Vergr\u00f6\u00dfern des Bildes\" title=\"Vergr\u00f6\u00dfern des Bildes\" class=\"block h-[calc(var(--height)_\/_16_*_1rem)] w-[calc(var(--width)_\/_16_*_1rem)] max-w-none absolute bottom-8 right-8 rounded-4 bg-snow p-8\" decoding=\"async\"\/><\/a><\/p>\n<p>Fachbesucher stehen am Messestand des \u201eLYX\u201c Verlags an. Der Verlag \u201eLYX\u201c , spezialisiert auf New Adult und Romance Literatur auf der Frankfurter Buchmesse. (Quelle: Andreas Arnold\/dpa)<\/p>\n<p class=\"font-bold text-18 leading-17\">Die Buchmesse hat ihre Tore f\u00fcr alle ge\u00f6ffnet. Ab Freitag wird es voll auf der weltweit gr\u00f6\u00dften B\u00fccherschau. Die wichtigsten Infos.<\/p>\n<p class=\"text-18 leading-17\">Die Frankfurter Buchmesse hat unter gro\u00dfem Besucherandrang f\u00fcr das Lesepublikum er\u00f6ffnet. Nach den ersten beiden Tagen, an denen nur Fachpublikum auf das Messegel\u00e4nde kam, zeigte sich ein gro\u00dfer Andrang in den Hallen und auf dem Messeplatz, der Agora. Die <a class=\"transition-colors duration-200 cursor-pointer text-inherit no-underline text-salemsfur md:hover:text-magenta md:hover:border-magenta md:focus:text-magenta border-current border-b border-solid break-words\" href=\"https:\/\/frankfurt.t-online.de\/region\/frankfurt-am-main\/id_100916200\/frankfurter-buchmesse-alles-zu-tickets-stars-und-programm-2025.html\" data-sctrack=\"BodyAnchor\" target=\"_blank\" rel=\"noopener\">weltweit gr\u00f6\u00dfte Buchmesse<\/a> erwartet in diesem Jahr mehr als 200.000 Besucher.<\/p>\n<p class=\"text-18 leading-17\">Um \u00dcberf\u00fcllungen zu vermeiden, ist die Zahl der privaten Besucher beschr\u00e4nkt. Stand Freitagmittag waren f\u00fcr die weiteren Messetage inklusive Sonntag noch Karten erh\u00e4ltlich. An den Kassen spielte die Messe am Freitag einen Hinweis aus, dass nicht mehr viele Tickets verf\u00fcgbar seien.<\/p>\n<p class=\"text-18 leading-17\">Das Tagesticket kostet Freitag und Sonntag 30 Euro, am besucherst\u00e4rksten Samstag 35 Euro. Wer alle drei Tage bucht, zahlt 59 Euro. Ein Familienticket, g\u00fcltig f\u00fcr maximal zwei Erwachsene und drei Kinder kostet am Freitag und Sonntag jeweils 60 Euro und am Samstag 70 Euro.<\/p>\n<p class=\"text-18 leading-17\">Messebesucher d\u00fcrfen sich freuen: Erstmals ist der komplette Freitag f\u00fcr die \u00d6ffentlichkeit zug\u00e4nglich, nachdem traditionell der Zutritt nur am Wochenende m\u00f6glich gewesen war. Der Buchverkauf startete bereits am ersten Tag der Veranstaltung.<\/p>\n<p class=\"text-18 leading-17\">Neu ist das &#8222;<a class=\"transition-colors duration-200 cursor-pointer text-inherit no-underline text-salemsfur md:hover:text-magenta md:hover:border-magenta md:focus:text-magenta border-current border-b border-solid break-words\" href=\"https:\/\/frankfurt.t-online.de\/region\/frankfurt-am-main\/id_100959228\/frankfurt-buchmesse-2025-termine-fuer-new-adult-autoren-und-autogramme.html\" data-sctrack=\"BodyAnchor\" target=\"_blank\" rel=\"noopener\">Meet the Author&#8220;-Areal in der Festhalle.<\/a> Auf einer Fl\u00e4che von 5.600 Quadratmetern haben Fans die M\u00f6glichkeit, ihre Lieblingsautoren pers\u00f6nlich zu treffen. Insgesamt signieren 84 Autoren \u00fcber 91 Stunden B\u00fccher und stehen f\u00fcr Fotos zur Verf\u00fcgung. Unter den prominenten G\u00e4sten sind SenLinYu, Caroline Wahl, Ayla Dade, Otto Waalkes und Steffen Henssler vertreten.<\/p>\n<p class=\"text-18 leading-17\">Auf dem Innenhof des Messegel\u00e4ndes wird f\u00fcr das &#8222;Kids Festival&#8220; der &#8222;Spacebuzz One&#8220; aufgebaut, ein Erlebnis, das Kindern eine virtuelle Reise ins All erm\u00f6glicht. Gef\u00fchrt wird diese besondere Erfahrung vom Astronauten Matthias Maurer. Am Freitag bildete sich eine lange Schlange mit Kindern und ihren Eltern an der Raketen-Attrappe mit VR-Screens.<\/p>\n<p class=\"text-18 leading-17\">Die Philippinen sind in diesem Jahr als Ehrengast vertreten und pr\u00e4sentieren sich unter dem Motto &#8222;Fantasie beseelt die Luft&#8220;. Der Gastlandpavillon l\u00e4dt dazu ein, auf sechs thematisch gestalteten &#8222;Inseln&#8220; literarische Programme zu genie\u00dfen. Zudem verleiht die Plattform Tiktok am Samstag auf der Buchmesse den Tiktok Book Award. Au\u00dferdem wird das mit Spannung erwartete Jugendwort des Jahres bekanntgeben.<\/p>\n","protected":false},"excerpt":{"rendered":"Lesepublikum darf rein Gro\u00dfer Andrang auf der Frankfurter Buchmesse 17.10.2025 &#8211; 14:46 UhrLesedauer: 2 Min. Fachbesucher stehen am&hellip;\n","protected":false},"author":2,"featured_media":506056,"comment_status":"","ping_status":"","sticky":false,"template":"","format":"standard","meta":{"footnotes":""},"categories":[1829],"tags":[522,3092,126342,70,29,2050,2051,53122,30,2052,124373,126343,47,65472],"class_list":{"0":"post-506055","1":"post","2":"type-post","3":"status-publish","4":"format-standard","5":"has-post-thumbnail","7":"category-frankfurt-am-main","8":"tag-522","9":"tag-3092","10":"tag-buecherschau","11":"tag-buchmesse","12":"tag-deutschland","13":"tag-frankfurt","14":"tag-frankfurt-am-main","15":"tag-frankfurter-buchmesse","16":"tag-germany","17":"tag-hessen","18":"tag-lesepublikum","19":"tag-matthias-maurer","20":"tag-messe","21":"tag-messestand"},"share_on_mastodon":{"url":"https:\/\/pubeurope.com\/@de\/115390084918148390","error":""},"_links":{"self":[{"href":"https:\/\/www.europesays.com\/de\/wp-json\/wp\/v2\/posts\/506055","targetHints":{"allow":["GET"]}}],"collection":[{"href":"https:\/\/www.europesays.com\/de\/wp-json\/wp\/v2\/posts"}],"about":[{"href":"https:\/\/www.europesays.com\/de\/wp-json\/wp\/v2\/types\/post"}],"author":[{"embeddable":true,"href":"https:\/\/www.europesays.com\/de\/wp-json\/wp\/v2\/users\/2"}],"replies":[{"embeddable":true,"href":"https:\/\/www.europesays.com\/de\/wp-json\/wp\/v2\/comments?post=506055"}],"version-history":[{"count":0,"href":"https:\/\/www.europesays.com\/de\/wp-json\/wp\/v2\/posts\/506055\/revisions"}],"wp:featuredmedia":[{"embeddable":true,"href":"https:\/\/www.europesays.com\/de\/wp-json\/wp\/v2\/media\/506056"}],"wp:attachment":[{"href":"https:\/\/www.europesays.com\/de\/wp-json\/wp\/v2\/media?parent=506055"}],"wp:term":[{"taxonomy":"category","embeddable":true,"href":"https:\/\/www.europesays.com\/de\/wp-json\/wp\/v2\/categories?post=506055"},{"taxonomy":"post_tag","embeddable":true,"href":"https:\/\/www.europesays.com\/de\/wp-json\/wp\/v2\/tags?post=506055"}],"curies":[{"name":"wp","href":"https:\/\/api.w.org\/{rel}","templated":true}]}}