{"id":506059,"date":"2025-10-17T14:56:14","date_gmt":"2025-10-17T14:56:14","guid":{"rendered":"https:\/\/www.europesays.com\/de\/506059\/"},"modified":"2025-10-17T14:56:14","modified_gmt":"2025-10-17T14:56:14","slug":"polizei-stellt-diebesbande-mit-beute-im-wert-von-120-000-euro","status":"publish","type":"post","link":"https:\/\/www.europesays.com\/de\/506059\/","title":{"rendered":"Polizei stellt Diebesbande mit Beute im Wert von 120.000 Euro"},"content":{"rendered":"<p>Nach Verfolgungsjagd <\/p>\n<p>Beute fast 120.000 Euro wert: Polizei stellt Diebesbande<\/p>\n<p>17.10.2025 &#8211; 16:51 UhrLesedauer: 1 Min.<\/p>\n<p><a href=\"#focus-0\" class=\"transition-colors duration-200 block text-current relative\" data-sctrack=\"FocusGalleryImage.Reference\"><img fetchpriority=\"high\" data-testid=\"Opener.Image\" style=\"--lqipURL:url('https:\/\/images.t-online.de\/2025\/10\/eOiK0au3mVkd\/0x209:4000x2250\/fit-in\/150x0\/filters:blur(25)\/symbolbild-polizeieinsatz-nahaufnahme-von-einem-blaulicht-an-einem-polizeiauto-symbolic-image-police-operation-close-up-of-a-blue-light-on-a-police-car-copyright-xudoxherrmannx.jpg')\"   loading=\"eager\" src=\"https:\/\/www.europesays.com\/de\/wp-content\/uploads\/2025\/10\/symbolbild-polizeieinsatz-nahaufnahme-von-einem-blaulicht-an-einem-polizeiauto-symbolic-image-police.jpeg\" alt=\"imago images 0831750549\" title=\"imago images 0831750549\" width=\"4000\" height=\"2250\" class=\"bg-[url:var(--lqipURL)] bg-cover bg-center flex h-full w-full max-w-full\" decoding=\"async\"\/><img style=\"--width:32;--height:32\" loading=\"lazy\" src=\"https:\/\/www.t-online.de\/s\/paper\/_next\/static\/media\/zoom-in.f7dae02f.svg\" alt=\"Vergr\u00f6\u00dfern des Bildes\" title=\"Vergr\u00f6\u00dfern des Bildes\" class=\"block h-[calc(var(--height)_\/_16_*_1rem)] w-[calc(var(--width)_\/_16_*_1rem)] max-w-none absolute bottom-8 right-8 rounded-4 bg-snow p-8\" decoding=\"async\"\/><\/a><\/p>\n<p>Eine Polizeisirene (Symbolbild): Im K\u00f6lner Osten ist der Polizei ein Schlag gegen mehrere Diebe gelungen. (Quelle: IMAGO\/Udo Herrmann\/imago)<\/p>\n<p class=\"font-bold text-18 leading-17\">Nach einer Verfolgungsfahrt hat die K\u00f6lner Polizei vier mutma\u00dfliche Diebe festgenommen. Bei den M\u00e4nnern wurden Goldschmuck, Luxusuhren und Bargeld sichergestellt.<\/p>\n<p class=\"text-18 leading-17\">Die K\u00f6lner Polizei hat am Donnerstag vier mutma\u00dfliche Diebe im Alter von 22 bis 32 Jahren nach einer Verfolgungsfahrt in <a class=\"transition-colors duration-200 cursor-pointer text-inherit no-underline text-salemsfur md:hover:text-magenta md:hover:border-magenta md:focus:text-magenta border-current border-b border-solid break-words\" href=\"https:\/\/www.t-online.de\/region\/koeln\/\" data-sctrack=\"BodyAnchor\" rel=\"nofollow noopener\" target=\"_blank\">K\u00f6ln<\/a> festgenommen. Nach Angaben der Polizei seien in ihrem zur\u00fcckgelassenen Fluchtfahrzeug, einem <a class=\"transition-colors duration-200 cursor-pointer text-inherit no-underline text-salemsfur md:hover:text-magenta md:hover:border-magenta md:focus:text-magenta border-current border-b border-solid break-words\" href=\"https:\/\/www.t-online.de\/themen\/audi\/\" data-sctrack=\"BodyAnchor\" rel=\"nofollow noopener\" target=\"_blank\">Audi<\/a> RS Q3, Goldschmuck und zwei Sturmhauben sichergestellt worden.<\/p>\n<p class=\"text-18 leading-17\">Einer der Festgenommenen habe versucht, eine Tasche mit mehr als 41.000 Euro unter einem Auto zu verstecken. Der Versuch sei jedoch von den Beamten bemerkt worden. In der von den M\u00e4nnern genutzten Monteurwohnung im Stadtteil Gremberg h\u00e4tten die Polizisten weiteren hochwertigen Schmuck sowie Luxusuhren im Sch\u00e4tzwert von rund 25.000 Euro und weitere 52.000 Euro gefunden. Das Diebesgut sei in Koffern mit doppeltem Boden versteckt gewesen.<\/p>\n<p class=\"text-18 leading-17\">Die Ermittler konnten eine sichergestellte Tasche und ein Heftchen mit M\u00fcnzen bereits einem Wohnungseinbruch in <a class=\"transition-colors duration-200 cursor-pointer text-inherit no-underline text-salemsfur md:hover:text-magenta md:hover:border-magenta md:focus:text-magenta border-current border-b border-solid break-words\" href=\"https:\/\/www.t-online.de\/themen\/bergisch-gladbach\/\" data-sctrack=\"BodyAnchor\" rel=\"nofollow noopener\" target=\"_blank\">Bergisch Gladbach<\/a> zuordnen. Zu den weiteren sichergestellten Gegenst\u00e4nden dauern die Ermittlungen noch an.<\/p>\n<p class=\"text-18 leading-17\">Die Streifenbeamten h\u00e4tten gegen 16.15 Uhr versucht, die in dem Auto sitzenden M\u00e4nner auf der Dillenburger Stra\u00dfe in Kalk zu kontrollieren. Nach einem Fluchtversuch seien die M\u00e4nner auf der Ostheimer Stra\u00dfe aus dem Wagen gesprungen. Die Polizisten h\u00e4tten sie nach kurzer Verfolgung stellen k\u00f6nnen.<\/p>\n<p class=\"text-18 leading-17\">Der 25 Jahre alte Fahrer des Fluchtwagens sei positiv auf Drogen getestet worden. Die Beamten h\u00e4tten eine Blutprobe angeordnet und seinen <a class=\"transition-colors duration-200 cursor-pointer text-inherit no-underline text-salemsfur md:hover:text-magenta md:hover:border-magenta md:focus:text-magenta border-current border-b border-solid break-words\" href=\"https:\/\/www.t-online.de\/themen\/fuehrerschein\/\" data-sctrack=\"BodyAnchor\" rel=\"nofollow noopener\" target=\"_blank\">F\u00fchrerschein<\/a> beschlagnahmt.<\/p>\n<p class=\"text-18 leading-17\">Die vier aus <a class=\"transition-colors duration-200 cursor-pointer text-inherit no-underline text-salemsfur md:hover:text-magenta md:hover:border-magenta md:focus:text-magenta border-current border-b border-solid break-words\" href=\"https:\/\/www.t-online.de\/themen\/italien\/\" data-sctrack=\"BodyAnchor\" rel=\"nofollow noopener\" target=\"_blank\">Italien<\/a> und <a class=\"transition-colors duration-200 cursor-pointer text-inherit no-underline text-salemsfur md:hover:text-magenta md:hover:border-magenta md:focus:text-magenta border-current border-b border-solid break-words\" href=\"https:\/\/www.t-online.de\/themen\/frankreich\/\" data-sctrack=\"BodyAnchor\" rel=\"nofollow noopener\" target=\"_blank\">Frankreich<\/a> stammenden M\u00e4nner h\u00e4tten keinen Wohnsitz in Deutschland und sollten einem Haftrichter vorgef\u00fchrt werden.<\/p>\n","protected":false},"excerpt":{"rendered":"Nach Verfolgungsjagd Beute fast 120.000 Euro wert: Polizei stellt Diebesbande 17.10.2025 &#8211; 16:51 UhrLesedauer: 1 Min. Eine Polizeisirene&hellip;\n","protected":false},"author":2,"featured_media":506060,"comment_status":"","ping_status":"","sticky":false,"template":"","format":"standard","meta":{"footnotes":""},"categories":[1828],"tags":[24611,722,17161,29,4263,30,2400,1420,8162,1209,121,40],"class_list":{"0":"post-506059","1":"post","2":"type-post","3":"status-publish","4":"format-standard","5":"has-post-thumbnail","7":"category-koeln","8":"tag-verfolgungsfahrt","9":"tag-722","10":"tag-17161","11":"tag-deutschland","12":"tag-diebesbande","13":"tag-germany","14":"tag-goldschmuck","15":"tag-koeln","16":"tag-luxusuhr","17":"tag-nordrhein-westfalen","18":"tag-polizei","19":"tag-verfolgungsjagd"},"share_on_mastodon":{"url":"https:\/\/pubeurope.com\/@de\/115390093392448970","error":""},"_links":{"self":[{"href":"https:\/\/www.europesays.com\/de\/wp-json\/wp\/v2\/posts\/506059","targetHints":{"allow":["GET"]}}],"collection":[{"href":"https:\/\/www.europesays.com\/de\/wp-json\/wp\/v2\/posts"}],"about":[{"href":"https:\/\/www.europesays.com\/de\/wp-json\/wp\/v2\/types\/post"}],"author":[{"embeddable":true,"href":"https:\/\/www.europesays.com\/de\/wp-json\/wp\/v2\/users\/2"}],"replies":[{"embeddable":true,"href":"https:\/\/www.europesays.com\/de\/wp-json\/wp\/v2\/comments?post=506059"}],"version-history":[{"count":0,"href":"https:\/\/www.europesays.com\/de\/wp-json\/wp\/v2\/posts\/506059\/revisions"}],"wp:featuredmedia":[{"embeddable":true,"href":"https:\/\/www.europesays.com\/de\/wp-json\/wp\/v2\/media\/506060"}],"wp:attachment":[{"href":"https:\/\/www.europesays.com\/de\/wp-json\/wp\/v2\/media?parent=506059"}],"wp:term":[{"taxonomy":"category","embeddable":true,"href":"https:\/\/www.europesays.com\/de\/wp-json\/wp\/v2\/categories?post=506059"},{"taxonomy":"post_tag","embeddable":true,"href":"https:\/\/www.europesays.com\/de\/wp-json\/wp\/v2\/tags?post=506059"}],"curies":[{"name":"wp","href":"https:\/\/api.w.org\/{rel}","templated":true}]}}