{"id":506061,"date":"2025-10-17T14:57:10","date_gmt":"2025-10-17T14:57:10","guid":{"rendered":"https:\/\/www.europesays.com\/de\/506061\/"},"modified":"2025-10-17T14:57:10","modified_gmt":"2025-10-17T14:57:10","slug":"gaehnen-verboten-die-lange-nacht-der-muenchner-museen","status":"publish","type":"post","link":"https:\/\/www.europesays.com\/de\/506061\/","title":{"rendered":"G\u00e4hnen verboten: Die Lange Nacht der M\u00fcnchner Museen"},"content":{"rendered":"<p>Bei der &#8222;Langen Nacht der M\u00fcnchner Museen&#8220; am kommenden Samstag, dem 18. Oktober, \u00f6ffnen mehr als 100 Museen, Sammlungen, Galerien, Kunstr\u00e4ume, Kirchen und viele weitere Orte ihre T\u00fcren bis ein Uhr nachts. Dazu stehen F\u00fchrungen, Vorf\u00fchrungen, Konzerte, Workshops und Lesungen auf dem Programm. <\/p>\n<p>Ausstellungen von Wassermusik bis Datenarchitektur<\/p>\n<p>Viele  Museen haben p\u00fcnktlich zur Langen Nacht neue Ausstellungen er\u00f6ffnet: Im Haus der Kunst ist etwa  <a href=\"https:\/\/www.hausderkunst.de\/eintauchen\/cyprien-gaillard-retinal-rivalry\" rel=\"nofollow noopener\" target=\"_blank\">&#8222;Wassermusik&#8220; von Cyprien Gaillard<\/a> (externer Link) zu sehen. Im Museum F\u00fcnf Kontinente hat diese Woche erst die Ausstellung <a href=\"https:\/\/www.museum-fuenf-kontinente.de\/ausstellungen\/he-toi-ora-beseelte-kunst-der-maori\/\" rel=\"nofollow noopener\" target=\"_blank\">&#8222;Ha Toi Ora \u2013 Beseelte Kunst der Maori&#8220;<\/a> (externer Link) er\u00f6ffnet. Und das Architekturmuseum der TU in der Pinakothek der Moderne \u00fcberrascht mit &#8222;<a href=\"https:\/\/www.br.de\/nachrichten\/kultur\/city-in-the-cloud-ueber-die-handfesten-seiten-der-netzwelt,Uznlor6\" rel=\"nofollow noopener\" target=\"_blank\">City in the Cloud: Data on the Ground&#8220;<\/a>, eine Ausstellung zur Architektur der Datenwelt. Ein Highlight d\u00fcrfte auch die <a href=\"https:\/\/www.villastuck.de\/\" rel=\"nofollow noopener\" target=\"_blank\">Wieder\u00f6ffnung der frisch sanierten Villa Stuck<\/a> (externer Link) sein.<\/p>\n<p>100 Museen, eine Nacht, ein Ticket<\/p>\n<p>Neben den bekannten Museen und Kulturinstitutionen gibt es auch die M\u00f6glichkeit, <a href=\"https:\/\/www.muenchen.de\/veranstaltungen\/freizeit\/ausstellungen\/die-lange-nacht-der-muenchner-museen-2025-programm\" rel=\"nofollow noopener\" target=\"_blank\">ungew\u00f6hnlichere Locations zu entdecken<\/a> (externer Link), so gibt es etwa F\u00fchrungen durch die Gro\u00dfmarkthalle und die Hofbr\u00e4uhaus-Kunstm\u00fchle. <\/p>\n<p>Besucher brauchen f\u00fcr alles nur ein einziges Ticket, das 20 Euro kostet. Es gilt zugleich als Fahrkarte f\u00fcr die extra eingerichteten Shuttlebusse, die ab 17.30 Uhr im Zehn-Minuten-Takt auf f\u00fcnf verschiedenen Linien durch die Stadt fahren. Zentraler Knoten- und Umsteigepunkt ist der Odeonsplatz. Nostalgische Oldtimerbusse fahren stilecht zum MVG-Museum.<\/p>\n<p>Bereits ab 14 Uhr gibt es an 17 Orten ein Kinderprogramm mit Workshops, F\u00fchrungen und Mitmachaktionen. Wer nur dieses Angebot nutzen will, kann g\u00fcnstigere Tickets kaufen.<\/p>\n","protected":false},"excerpt":{"rendered":"Bei der &#8222;Langen Nacht der M\u00fcnchner Museen&#8220; am kommenden Samstag, dem 18. Oktober, \u00f6ffnen mehr als 100 Museen,&hellip;\n","protected":false},"author":2,"featured_media":506062,"comment_status":"","ping_status":"","sticky":false,"template":"","format":"standard","meta":{"footnotes":""},"categories":[1827],"tags":[772,29,30,2075,28322,1268,2264,28323,4966],"class_list":{"0":"post-506061","1":"post","2":"type-post","3":"status-publish","4":"format-standard","5":"has-post-thumbnail","7":"category-muenchen","8":"tag-bayern","9":"tag-deutschland","10":"tag-germany","11":"tag-kunst","12":"tag-lange-nacht-der-museen","13":"tag-muenchen","14":"tag-museum","15":"tag-museumsnacht","16":"tag-pinakothek"},"share_on_mastodon":{"url":"https:\/\/pubeurope.com\/@de\/115390096704110829","error":""},"_links":{"self":[{"href":"https:\/\/www.europesays.com\/de\/wp-json\/wp\/v2\/posts\/506061","targetHints":{"allow":["GET"]}}],"collection":[{"href":"https:\/\/www.europesays.com\/de\/wp-json\/wp\/v2\/posts"}],"about":[{"href":"https:\/\/www.europesays.com\/de\/wp-json\/wp\/v2\/types\/post"}],"author":[{"embeddable":true,"href":"https:\/\/www.europesays.com\/de\/wp-json\/wp\/v2\/users\/2"}],"replies":[{"embeddable":true,"href":"https:\/\/www.europesays.com\/de\/wp-json\/wp\/v2\/comments?post=506061"}],"version-history":[{"count":0,"href":"https:\/\/www.europesays.com\/de\/wp-json\/wp\/v2\/posts\/506061\/revisions"}],"wp:featuredmedia":[{"embeddable":true,"href":"https:\/\/www.europesays.com\/de\/wp-json\/wp\/v2\/media\/506062"}],"wp:attachment":[{"href":"https:\/\/www.europesays.com\/de\/wp-json\/wp\/v2\/media?parent=506061"}],"wp:term":[{"taxonomy":"category","embeddable":true,"href":"https:\/\/www.europesays.com\/de\/wp-json\/wp\/v2\/categories?post=506061"},{"taxonomy":"post_tag","embeddable":true,"href":"https:\/\/www.europesays.com\/de\/wp-json\/wp\/v2\/tags?post=506061"}],"curies":[{"name":"wp","href":"https:\/\/api.w.org\/{rel}","templated":true}]}}