{"id":506074,"date":"2025-10-17T15:04:12","date_gmt":"2025-10-17T15:04:12","guid":{"rendered":"https:\/\/www.europesays.com\/de\/506074\/"},"modified":"2025-10-17T15:04:12","modified_gmt":"2025-10-17T15:04:12","slug":"berlin-graffiti-sprayer-an-schallschutzwand-festgenommen-regional","status":"publish","type":"post","link":"https:\/\/www.europesays.com\/de\/506074\/","title":{"rendered":"Berlin: Graffiti-Sprayer an Schallschutzwand festgenommen | Regional"},"content":{"rendered":"<p>Berlin-Treptow-K\u00f6penick \u2013 <b>In der Nacht zu Freitag hat die Bundespolizei zwei Graffiti-Sprayer auf frischer Tat ertappt.<\/b><\/p>\n<p>Gegen 1.40 Uhr beobachteten zivile Einsatzkr\u00e4fte zwei Personen, die eine Schallschutzwand zwischen den Bahnh\u00f6fen Berlin-K\u00f6penick und Berlin-Hirschgarten bespr\u00fchten. Die Beamten nahmen eine 18-j\u00e4hrige Frau und einen 44-j\u00e4hrigen deutschen Staatsangeh\u00f6rigen nach kurzer Flucht vorl\u00e4ufig fest und sicherten Beweismaterial.<\/p>\n<p>Die Bundespolizei leitete Ermittlungen wegen Sachbesch\u00e4digung gegen die beiden ein. Nach Abschluss der polizeilichen Ma\u00dfnahmen wurden sie wieder auf freien Fu\u00df gesetzt.<\/p>\n<p>Dieser Text basiert auf einer offiziellen Beh\u00f6rden-Information und wurde mit Hilfe von KI erstellt.<\/p>\n","protected":false},"excerpt":{"rendered":"Berlin-Treptow-K\u00f6penick \u2013 In der Nacht zu Freitag hat die Bundespolizei zwei Graffiti-Sprayer auf frischer Tat ertappt. Gegen 1.40&hellip;\n","protected":false},"author":2,"featured_media":463505,"comment_status":"","ping_status":"","sticky":false,"template":"","format":"standard","meta":{"footnotes":""},"categories":[1825],"tags":[296,29,30,2509,121,45,9026,1995],"class_list":{"0":"post-506074","1":"post","2":"type-post","3":"status-publish","4":"format-standard","5":"has-post-thumbnail","7":"category-berlin","8":"tag-berlin","9":"tag-deutschland","10":"tag-germany","11":"tag-ki-ots","12":"tag-polizei","13":"tag-texttospeech","14":"tag-vandalismus","15":"tag-verbrechen"},"share_on_mastodon":{"url":"https:\/\/pubeurope.com\/@de\/115390124233294425","error":""},"_links":{"self":[{"href":"https:\/\/www.europesays.com\/de\/wp-json\/wp\/v2\/posts\/506074","targetHints":{"allow":["GET"]}}],"collection":[{"href":"https:\/\/www.europesays.com\/de\/wp-json\/wp\/v2\/posts"}],"about":[{"href":"https:\/\/www.europesays.com\/de\/wp-json\/wp\/v2\/types\/post"}],"author":[{"embeddable":true,"href":"https:\/\/www.europesays.com\/de\/wp-json\/wp\/v2\/users\/2"}],"replies":[{"embeddable":true,"href":"https:\/\/www.europesays.com\/de\/wp-json\/wp\/v2\/comments?post=506074"}],"version-history":[{"count":0,"href":"https:\/\/www.europesays.com\/de\/wp-json\/wp\/v2\/posts\/506074\/revisions"}],"wp:featuredmedia":[{"embeddable":true,"href":"https:\/\/www.europesays.com\/de\/wp-json\/wp\/v2\/media\/463505"}],"wp:attachment":[{"href":"https:\/\/www.europesays.com\/de\/wp-json\/wp\/v2\/media?parent=506074"}],"wp:term":[{"taxonomy":"category","embeddable":true,"href":"https:\/\/www.europesays.com\/de\/wp-json\/wp\/v2\/categories?post=506074"},{"taxonomy":"post_tag","embeddable":true,"href":"https:\/\/www.europesays.com\/de\/wp-json\/wp\/v2\/tags?post=506074"}],"curies":[{"name":"wp","href":"https:\/\/api.w.org\/{rel}","templated":true}]}}