{"id":506077,"date":"2025-10-17T15:06:23","date_gmt":"2025-10-17T15:06:23","guid":{"rendered":"https:\/\/www.europesays.com\/de\/506077\/"},"modified":"2025-10-17T15:06:23","modified_gmt":"2025-10-17T15:06:23","slug":"korruptionsverdacht-im-lka-berlin-private-kontakte-zu-bushido","status":"publish","type":"post","link":"https:\/\/www.europesays.com\/de\/506077\/","title":{"rendered":"Korruptionsverdacht im LKA Berlin: private Kontakte zu Bushido?"},"content":{"rendered":"<p class=\"richtext text-em-55 !leading-serif mx-6 desktop:mx-0\">Personensch\u00fctzer des Berliner Landeskriminalamtes (LKA) sollen zum Rapper <a href=\"https:\/\/rp-online.de\/thema\/bushido\/\" rel=\"nofollow noopener\" target=\"_blank\">Bushido<\/a>, den sie fr\u00fcher dienstlich bewacht hatten, unzul\u00e4ssige private Kontakte gehabt haben. Das ist das Ergebnis einer internen Untersuchung der Berliner Polizei. Die Berliner Polizeif\u00fchrung griff nun mit harten Ma\u00dfnahmen durch und zog sofortige Konsequenzen, wie mitgeteilt wurde. Die Vorw\u00fcrfe richten sich gegen die Polizeibeamten, nicht gegen den Rapper. Bushido \u00e4u\u00dferte sich zun\u00e4chst auf eine Anfrage nicht.<\/p>\n","protected":false},"excerpt":{"rendered":"Personensch\u00fctzer des Berliner Landeskriminalamtes (LKA) sollen zum Rapper Bushido, den sie fr\u00fcher dienstlich bewacht hatten, unzul\u00e4ssige private Kontakte&hellip;\n","protected":false},"author":2,"featured_media":506078,"comment_status":"","ping_status":"","sticky":false,"template":"","format":"standard","meta":{"footnotes":""},"categories":[1825],"tags":[296,1266,29,126345,30,61275,28006,3824,126302,126344,126346,61070,62257],"class_list":{"0":"post-506077","1":"post","2":"type-post","3":"status-publish","4":"format-standard","5":"has-post-thumbnail","7":"category-berlin","8":"tag-berlin","9":"tag-bushido","10":"tag-deutschland","11":"tag-disziplinarische","12":"tag-germany","13":"tag-konsequenzen","14":"tag-kontakte","15":"tag-lka","16":"tag-personenschutz","17":"tag-personenschuetzer","18":"tag-personenschutzkommissariat","19":"tag-privat","20":"tag-private"},"share_on_mastodon":{"url":"https:\/\/pubeurope.com\/@de\/115390132104914178","error":""},"_links":{"self":[{"href":"https:\/\/www.europesays.com\/de\/wp-json\/wp\/v2\/posts\/506077","targetHints":{"allow":["GET"]}}],"collection":[{"href":"https:\/\/www.europesays.com\/de\/wp-json\/wp\/v2\/posts"}],"about":[{"href":"https:\/\/www.europesays.com\/de\/wp-json\/wp\/v2\/types\/post"}],"author":[{"embeddable":true,"href":"https:\/\/www.europesays.com\/de\/wp-json\/wp\/v2\/users\/2"}],"replies":[{"embeddable":true,"href":"https:\/\/www.europesays.com\/de\/wp-json\/wp\/v2\/comments?post=506077"}],"version-history":[{"count":0,"href":"https:\/\/www.europesays.com\/de\/wp-json\/wp\/v2\/posts\/506077\/revisions"}],"wp:featuredmedia":[{"embeddable":true,"href":"https:\/\/www.europesays.com\/de\/wp-json\/wp\/v2\/media\/506078"}],"wp:attachment":[{"href":"https:\/\/www.europesays.com\/de\/wp-json\/wp\/v2\/media?parent=506077"}],"wp:term":[{"taxonomy":"category","embeddable":true,"href":"https:\/\/www.europesays.com\/de\/wp-json\/wp\/v2\/categories?post=506077"},{"taxonomy":"post_tag","embeddable":true,"href":"https:\/\/www.europesays.com\/de\/wp-json\/wp\/v2\/tags?post=506077"}],"curies":[{"name":"wp","href":"https:\/\/api.w.org\/{rel}","templated":true}]}}