{"id":506085,"date":"2025-10-17T15:10:12","date_gmt":"2025-10-17T15:10:12","guid":{"rendered":"https:\/\/www.europesays.com\/de\/506085\/"},"modified":"2025-10-17T15:10:12","modified_gmt":"2025-10-17T15:10:12","slug":"zdf-aendert-das-programm-neuerung-beim-heute-journal","status":"publish","type":"post","link":"https:\/\/www.europesays.com\/de\/506085\/","title":{"rendered":"ZDF \u00e4ndert das Programm: Neuerung beim &#8222;heute journal&#8220;"},"content":{"rendered":"<p>Neuerung beim &#8222;heute journal&#8220; <\/p>\n<p>ZDF \u00e4ndert das Programm \u2013 mit einer Probephase<\/p>\n<p>17.10.2025 &#8211; 15:23 UhrLesedauer: 1 Min.<\/p>\n<p><a href=\"#focus-0\" class=\"transition-colors duration-200 block text-current relative\" data-sctrack=\"FocusGalleryImage.Reference\"><img fetchpriority=\"high\" data-testid=\"Opener.Image\" style=\"--lqipURL:url('https:\/\/images.t-online.de\/2025\/10\/HpfLazLJIwkt\/0x34:800x450\/fit-in\/150x0\/filters:blur(25)\/christian-sievers-er-moderiert-die-zdf-nachrichtensendung-heute-journal.jpg')\"   loading=\"eager\" src=\"https:\/\/www.europesays.com\/de\/wp-content\/uploads\/2025\/10\/christian-sievers-er-moderiert-die-zdf-nachrichtensendung-heute-journal.jpg\" alt=\"Christian Sievers: Er moderiert die ZDF-Nachrichtensendung &quot;heute journal&quot;.\" title=\"Christian Sievers: Er moderiert die ZDF-Nachrichtensendung &quot;heute journal&quot;.\" width=\"800\" height=\"450\" class=\"bg-[url:var(--lqipURL)] bg-cover bg-center flex h-full w-full max-w-full\" decoding=\"async\"\/><img style=\"--width:32;--height:32\" loading=\"lazy\" src=\"https:\/\/www.t-online.de\/s\/paper\/_next\/static\/media\/zoom-in.f7dae02f.svg\" alt=\"Vergr\u00f6\u00dfern des Bildes\" title=\"Vergr\u00f6\u00dfern des Bildes\" class=\"block h-[calc(var(--height)_\/_16_*_1rem)] w-[calc(var(--width)_\/_16_*_1rem)] max-w-none absolute bottom-8 right-8 rounded-4 bg-snow p-8\" decoding=\"async\"\/><\/a><\/p>\n<p>Christian Sievers: Er moderiert die ZDF-Nachrichtensendung &#8222;heute journal&#8220;. (Quelle: Jana Kay\/ dpa)<\/p>\n<p class=\"font-bold text-18 leading-17\">\u00c4nderungen beim &#8222;heute journal&#8220;. W\u00e4hrend die ZDF-Sendung \u00fcblicherweise am Samstagabend einen festen Sendeplatz hat, testet das Zweite nun etwas Neues.<\/p>\n<p class=\"text-18 leading-17\">Das &#8222;heute journal&#8220; wird in diesem Herbst testweise an mehreren Samstagen eine Stunde fr\u00fcher ausgestrahlt. Die ZDF-Nachrichten laufen dann nicht wie sonnabends \u00fcblich um 22.45 Uhr, sondern schon um 21.45 Uhr. Ein Sendeplatz, den das TV-Publikum von sonntags bis donnerstags gewohnt ist.<\/p>\n<p class=\"text-18 leading-17\">Ein ZDF-Sprecher best\u00e4tigte die Erprobungsphase. Zuvor hatten die Branchendienste &#8222;dwdl.de&#8220; und &#8222;digitalfernsehen.de&#8220; berichtet. Der Sprecher erl\u00e4uterte: &#8222;Das &#8218;heute journal&#8216; wird im <a class=\"transition-colors duration-200 cursor-pointer text-inherit no-underline text-salemsfur md:hover:text-magenta md:hover:border-magenta md:focus:text-magenta border-current border-b border-solid break-words\" href=\"https:\/\/www.t-online.de\/themen\/zdf\/\" data-sctrack=\"BodyAnchor\" rel=\"nofollow noopener\" target=\"_blank\">ZDF<\/a> \u00fcblicherweise um 21.45 Uhr ausgestrahlt. In den kommenden Wochen senden wir das &#8218;heute journal&#8216; auch am Samstagabend bereits um 21.45 Uhr \u2013 und nicht wie bisher eine Stunde sp\u00e4ter. Damit tragen wir dem Informationsinteresse unserer Zuschauerinnen und Zuschauer Rechnung und erproben zugleich eine einheitlichere Sendezeit.&#8220;<\/p>\n<p class=\"text-18 leading-17\">Die fr\u00fchere Ausstrahlung ist am 25. Oktober, am 1. November, am 15. November, am 29. November und 13. Dezember 2025 geplant. Dies sind alles Abende, an denen zur Primetime ein 90-Min\u00fcter zu sehen ist \u2013 und nicht etwa eine lange Samstagabendshow. Freitags l\u00e4uft das &#8222;heute journal&#8220; stets nach dem Krimi-Doppelpack um 22 Uhr. Das soll offensichtlich nicht ver\u00e4ndert werden.<\/p>\n","protected":false},"excerpt":{"rendered":"Neuerung beim &#8222;heute journal&#8220; ZDF \u00e4ndert das Programm \u2013 mit einer Probephase 17.10.2025 &#8211; 15:23 UhrLesedauer: 1 Min.&hellip;\n","protected":false},"author":2,"featured_media":506086,"comment_status":"","ping_status":"","sticky":false,"template":"","format":"standard","meta":{"footnotes":""},"categories":[1773],"tags":[126347,29,214,30,22182,117218,471,1780,215,1448],"class_list":{"0":"post-506085","1":"post","2":"type-post","3":"status-publish","4":"format-standard","5":"has-post-thumbnail","7":"category-serien","8":"tag-christian-sievers","9":"tag-deutschland","10":"tag-entertainment","11":"tag-germany","12":"tag-probephase","13":"tag-sendeplatz","14":"tag-serien","15":"tag-series","16":"tag-unterhaltung","17":"tag-zdf"},"share_on_mastodon":{"url":"https:\/\/pubeurope.com\/@de\/115390148664012191","error":""},"_links":{"self":[{"href":"https:\/\/www.europesays.com\/de\/wp-json\/wp\/v2\/posts\/506085","targetHints":{"allow":["GET"]}}],"collection":[{"href":"https:\/\/www.europesays.com\/de\/wp-json\/wp\/v2\/posts"}],"about":[{"href":"https:\/\/www.europesays.com\/de\/wp-json\/wp\/v2\/types\/post"}],"author":[{"embeddable":true,"href":"https:\/\/www.europesays.com\/de\/wp-json\/wp\/v2\/users\/2"}],"replies":[{"embeddable":true,"href":"https:\/\/www.europesays.com\/de\/wp-json\/wp\/v2\/comments?post=506085"}],"version-history":[{"count":0,"href":"https:\/\/www.europesays.com\/de\/wp-json\/wp\/v2\/posts\/506085\/revisions"}],"wp:featuredmedia":[{"embeddable":true,"href":"https:\/\/www.europesays.com\/de\/wp-json\/wp\/v2\/media\/506086"}],"wp:attachment":[{"href":"https:\/\/www.europesays.com\/de\/wp-json\/wp\/v2\/media?parent=506085"}],"wp:term":[{"taxonomy":"category","embeddable":true,"href":"https:\/\/www.europesays.com\/de\/wp-json\/wp\/v2\/categories?post=506085"},{"taxonomy":"post_tag","embeddable":true,"href":"https:\/\/www.europesays.com\/de\/wp-json\/wp\/v2\/tags?post=506085"}],"curies":[{"name":"wp","href":"https:\/\/api.w.org\/{rel}","templated":true}]}}