{"id":506087,"date":"2025-10-17T15:11:10","date_gmt":"2025-10-17T15:11:10","guid":{"rendered":"https:\/\/www.europesays.com\/de\/506087\/"},"modified":"2025-10-17T15:11:10","modified_gmt":"2025-10-17T15:11:10","slug":"der-tag-skandal-um-bushido-berliner-polizei-loest-personenschutz-einheit-auf","status":"publish","type":"post","link":"https:\/\/www.europesays.com\/de\/506087\/","title":{"rendered":"Der Tag: Skandal um Bushido: Berliner Polizei l\u00f6st Personenschutz-Einheit auf"},"content":{"rendered":"<p>                    Der Tag<br \/>\n                Skandal um Bushido: Berliner Polizei l\u00f6st Personenschutz-Einheit auf<\/p>\n<p>\t\t\t\t              17.10.2025, 15:15 Uhr<\/p>\n<p>Die Berliner Beh\u00f6rden l\u00f6sen einem Bericht zufolge noch heute ein <b>Personensch\u00fctzerkommissariat<\/b> des Landeskriminalamts auf. Wie die &#8222;Bild&#8220;-Zeitung meldet, ist davon auch ein nachgeordnetes <b>Personenschutz-Kommando<\/b> betroffen. <\/p>\n<p>Der Hintergrund: Angeh\u00f6rige des Kommissariats sollen den Rapper <b>Bushido<\/b> und seine Familia privat betreut und wom\u00f6glich sogar dienstliche Mittel daf\u00fcr missbraucht haben. Im September waren Bushido und Ehefrau Anna-Maria bei einem RTL-Dreh mit Moderatorin Frauke Ludowig in einem Berliner Restaurant. Im Hintergrund gut sichtbar: <b>zwei Personensch\u00fctzer<\/b> des LKA.<\/p>\n<p>Bis Anfang 2024 hatte Bushido staatlichen Personenschutz. Danach musste er privat f\u00fcr Sicherheitsleute sorgen. Offenbar engagierte er <b>dieselben Beamten<\/b> wie zuvor.<\/p>\n","protected":false},"excerpt":{"rendered":"Der Tag Skandal um Bushido: Berliner Polizei l\u00f6st Personenschutz-Einheit auf 17.10.2025, 15:15 Uhr Die Berliner Beh\u00f6rden l\u00f6sen einem&hellip;\n","protected":false},"author":2,"featured_media":506088,"comment_status":"","ping_status":"","sticky":false,"template":"","format":"standard","meta":{"footnotes":""},"categories":[1772],"tags":[8436,1266,282,29,214,30,1779,810,126348,121,4969,1781,215],"class_list":{"0":"post-506087","1":"post","2":"type-post","3":"status-publish","4":"format-standard","5":"has-post-thumbnail","7":"category-musik","8":"tag-berliner","9":"tag-bushido","10":"tag-der","11":"tag-deutschland","12":"tag-entertainment","13":"tag-germany","14":"tag-music","15":"tag-musik","16":"tag-personenschutz-einheit","17":"tag-polizei","18":"tag-skandal","19":"tag-tag","20":"tag-unterhaltung"},"share_on_mastodon":{"url":"https:\/\/pubeurope.com\/@de\/115390151896749634","error":""},"_links":{"self":[{"href":"https:\/\/www.europesays.com\/de\/wp-json\/wp\/v2\/posts\/506087","targetHints":{"allow":["GET"]}}],"collection":[{"href":"https:\/\/www.europesays.com\/de\/wp-json\/wp\/v2\/posts"}],"about":[{"href":"https:\/\/www.europesays.com\/de\/wp-json\/wp\/v2\/types\/post"}],"author":[{"embeddable":true,"href":"https:\/\/www.europesays.com\/de\/wp-json\/wp\/v2\/users\/2"}],"replies":[{"embeddable":true,"href":"https:\/\/www.europesays.com\/de\/wp-json\/wp\/v2\/comments?post=506087"}],"version-history":[{"count":0,"href":"https:\/\/www.europesays.com\/de\/wp-json\/wp\/v2\/posts\/506087\/revisions"}],"wp:featuredmedia":[{"embeddable":true,"href":"https:\/\/www.europesays.com\/de\/wp-json\/wp\/v2\/media\/506088"}],"wp:attachment":[{"href":"https:\/\/www.europesays.com\/de\/wp-json\/wp\/v2\/media?parent=506087"}],"wp:term":[{"taxonomy":"category","embeddable":true,"href":"https:\/\/www.europesays.com\/de\/wp-json\/wp\/v2\/categories?post=506087"},{"taxonomy":"post_tag","embeddable":true,"href":"https:\/\/www.europesays.com\/de\/wp-json\/wp\/v2\/tags?post=506087"}],"curies":[{"name":"wp","href":"https:\/\/api.w.org\/{rel}","templated":true}]}}