{"id":506092,"date":"2025-10-17T15:14:12","date_gmt":"2025-10-17T15:14:12","guid":{"rendered":"https:\/\/www.europesays.com\/de\/506092\/"},"modified":"2025-10-17T15:14:12","modified_gmt":"2025-10-17T15:14:12","slug":"das-qualifying-zum-sprint-in-austin","status":"publish","type":"post","link":"https:\/\/www.europesays.com\/de\/506092\/","title":{"rendered":"Das Qualifying zum Sprint in Austin"},"content":{"rendered":"<p>     17:14\u00a0Uhr<br \/>\n                        Updates<\/p>\n<p>Auch die offizielle Liste der FIA mit allen Updates an diesem Wochenende wurde inzwischen ver\u00f6ffentlicht. Bereits bekannt war ja, dass Haas ein gr\u00f6\u00dferes Paket zum Heimrennen mitbringen w\u00fcrde. Das US-Team hat f\u00fcr Austin insgesamt f\u00fcnf Neuerungen gemeldet.<\/p>\n<p>Davon abgesehen gibt es lediglich noch eine minimale \u00c4nderung am Mercedes, die anderen acht Teams haben keine neuen Teile dabei, was so sp\u00e4t in der Saison aber keine gro\u00dfe \u00dcberraschung ist.<\/p>\n<p><a href=\"https:\/\/www.fia.com\/system\/files\/decision-document\/2025_united_states_grand_prix_-_car_presentation_submissions.pdf\" target=\"_blank\" rel=\"nofollow noopener\">Die komplette Liste findet ihr hier.<\/a><\/p>\n<p>    17:04\u00a0Uhr<br \/>\n                        Hitzewarnung<\/p>\n<p>Wir werfen eben einen Blick auf das Wetter, denn in Austin ist das Thermometer bereits jetzt am Vormittag auf fast 25 Grad geklettert. Im Verlauf des Tages werden sogar mehr als 30 Grad erwartet, weshalb die FIA eine offizielle Hitzewarnung f\u00fcr dieses Rennen ausgegeben hat &#8211; wie auch schon zuletzt in Singapur.<\/p>\n<p><a href=\"https:\/\/www.formel1.de\/news\/news\/2025-10-16\/formel-1-hitzewarnung-auch-fuer-austin-kuehlwesten-wieder-eine-option\" target=\"_self\" rel=\"noopener\">Was das bedeutet, das k\u00f6nnt ihr hier nachlesen.<\/a><\/p>\n<p>    16:04\u00a0Uhr<br \/>\n                        Sonderdesigns<\/p>\n<p>Falls ihr es gestern verpasst habt: Gleich sechs Teams, also mehr als die H\u00e4lfte aller Rennst\u00e4lle, werden an diesem Wochenende mit einem Spezialdesign an den Start gehen. Alle Sonderlackierungen in Austin findet ihr in dieser Fotostrecke:<\/p>\n<p>   <a name=\"mstfoto-0\"\/>  Die Formel-1-Sonderdesigns in der Saison 2025            15:37\u00a0Uhr<br \/>\n                        Formel-1-Premiere f\u00fcr Jak Crawford<\/p>\n<p>Aston Martin hat eben bekanntgegeben, dass Junior Jak Crawford beim kommenden Rennen in Mexiko zum ersten Mal an einem Grand-Prix-Wochenende teilnehmen wird. Der US-Amerikaner wird Lance Stroll in FT1 vertreten.<\/p>\n<p>&#8222;Ich freue mich riesig darauf, n\u00e4chste Woche in Mexiko zum ersten Mal offiziell in der Formel 1 mit dem AMR25 zu fahren&#8220;, so der 20-J\u00e4hrige, der aktuell noch um den Titel in der Formel 2 in diesem Jahr k\u00e4mpft.<\/p>\n<p>Im Formel-1-Unterbau liegt Crawford an zweiter Stelle hinter Leonardo Fornaroli. &#8222;Ich habe das ganze Jahr \u00fcber eng mit dem Team zusammengearbeitet, daher ist es f\u00fcr mich sehr aufregend, nun den n\u00e4chsten Schritt zu machen und an einem Grand-Prix-Wochenende auf der Rennstrecke zu fahren&#8220;, betont er.<\/p>\n<p>&#8222;Dass ich dies in Texas, meiner Heimat, bekannt geben kann, macht es nach einer arbeitsreichen Woche mit dem Team und Aramco in Houston zu etwas ganz Besonderem&#8220;, freut er sich.<\/p>\n<p><a href=\"https:\/\/de.motorsport.com\/all\/news\/die-freitagsfahrer-der-formel-1-2025-in-der-ubersicht\/10687451\/\" target=\"_blank\" rel=\"noopener\">Die \u00dcbersicht \u00fcber alle Freitagstester in diesem Jahr findet ihr hier.<\/a><\/p>\n<p>     15:24\u00a0Uhr<br \/>\n                        Alles Gute!<\/p>\n<p>Gl\u00fcckw\u00fcnsche gehen heute raus an Kimi R\u00e4ikk\u00f6nen. Der &#8222;Iceman&#8220; feiert seinen 46. Geburtstag, was wir gerne zum Anlass nehmen, um in dieser Fotostrecke noch einmal auf seine besten Momente zur\u00fcckzublicken:<\/p>\n<p>     15:16\u00a0Uhr<br \/>\n                        Apple \u00fcbernimmt Formel-1-Rechte in den USA<\/p>\n<p>Breaking News: Apple hat sich ab der Saison 2026 die exklusiven \u00dcbertragungsrechte der Formel 1 in den USA gesichert. Der Technologiekonzern wird die Rennen k\u00fcnftig \u00fcber seine Streamingplattform Apple TV ausstrahlen und l\u00f6st damit den bisherigen Rechteinhaber ESPN ab.<\/p>\n<p>Der Vertrag hat eine Laufzeit von f\u00fcnf Jahren und soll nach Informationen der englischsprachigen Ausgabe von Motorsport.com mehr als 140 Millionen US-Dollar pro Jahr wert sein.<\/p>\n<p><a href=\"https:\/\/www.formel1.de\/news\/business\/2025-10-17\/apple-uebernimmt-formel-1-rechte-in-den-usa-mega-deal-ab-2026-fix\" target=\"_self\" rel=\"noopener\">Alle Hintergr\u00fcnde k\u00f6nnt ihr hier nachlesen.<\/a><\/p>\n<p>    14:30\u00a0Uhr<br \/>\n                        Leclerc: Entt\u00e4uscht, aber nicht depressiv<\/p>\n<p>Bei Ferrari lief es zuletzt nicht rund. Charles Leclerc wurde daher gestern in seiner Medienrunde gefragt, ob sich bei der Scuderia und auch ihm pers\u00f6nlich langsam eine gewisse Depression breitmache. &#8222;Nein&#8220;, winkt der Monegasse jedoch ab.<\/p>\n<p>&#8222;Ich w\u00fcrde nicht das Wort &#8218;depressiv&#8216; verwenden&#8220;, so Leclerc, der eher &#8222;entt\u00e4uschend&#8220; nach den vergangenen Rennen sei, &#8222;aber das gilt f\u00fcr das gesamte Team&#8220;, stellt der Ferrari-Pilot klar.<\/p>\n<p>&#8222;Als Ferrari sind wir uns unserer Ziele und unserer Aufgaben sehr wohl bewusst. Momentan sind wir noch nicht ganz da, wo wir hinwollen. Und wenn das passiert, ist man nat\u00fcrlich entt\u00e4uscht&#8220;, betont er.<\/p>\n<p>&#8222;Aber es gibt eine gro\u00dfe Motivation, zu versuchen, die Situation zu \u00e4ndern&#8220;, stellt er auch klar. Die Lage in Maranello ist laut Leclerc demnach also keinesfalls so schlecht, wie sie teilweise dargestellt wird.<\/p>\n","protected":false},"excerpt":{"rendered":"17:14\u00a0Uhr Updates Auch die offizielle Liste der FIA mit allen Updates an diesem Wochenende wurde inzwischen ver\u00f6ffentlicht. Bereits&hellip;\n","protected":false},"author":2,"featured_media":506093,"comment_status":"","ping_status":"","sticky":false,"template":"","format":"standard","meta":{"footnotes":""},"categories":[136],"tags":[29,1641,1642,1640,1645,1643,1639,30,1644,1638,265],"class_list":{"0":"post-506092","1":"post","2":"type-post","3":"status-publish","4":"format-standard","5":"has-post-thumbnail","7":"category-sport","8":"tag-deutschland","9":"tag-f1-news","10":"tag-formel-1-heute","11":"tag-formel-1-news","12":"tag-formel-1news","13":"tag-formel-eins-news","14":"tag-formel1-news","15":"tag-germany","16":"tag-news-formel-1","17":"tag-news-formel1","18":"tag-sport"},"share_on_mastodon":{"url":"https:\/\/pubeurope.com\/@de\/115390163598467778","error":""},"_links":{"self":[{"href":"https:\/\/www.europesays.com\/de\/wp-json\/wp\/v2\/posts\/506092","targetHints":{"allow":["GET"]}}],"collection":[{"href":"https:\/\/www.europesays.com\/de\/wp-json\/wp\/v2\/posts"}],"about":[{"href":"https:\/\/www.europesays.com\/de\/wp-json\/wp\/v2\/types\/post"}],"author":[{"embeddable":true,"href":"https:\/\/www.europesays.com\/de\/wp-json\/wp\/v2\/users\/2"}],"replies":[{"embeddable":true,"href":"https:\/\/www.europesays.com\/de\/wp-json\/wp\/v2\/comments?post=506092"}],"version-history":[{"count":0,"href":"https:\/\/www.europesays.com\/de\/wp-json\/wp\/v2\/posts\/506092\/revisions"}],"wp:featuredmedia":[{"embeddable":true,"href":"https:\/\/www.europesays.com\/de\/wp-json\/wp\/v2\/media\/506093"}],"wp:attachment":[{"href":"https:\/\/www.europesays.com\/de\/wp-json\/wp\/v2\/media?parent=506092"}],"wp:term":[{"taxonomy":"category","embeddable":true,"href":"https:\/\/www.europesays.com\/de\/wp-json\/wp\/v2\/categories?post=506092"},{"taxonomy":"post_tag","embeddable":true,"href":"https:\/\/www.europesays.com\/de\/wp-json\/wp\/v2\/tags?post=506092"}],"curies":[{"name":"wp","href":"https:\/\/api.w.org\/{rel}","templated":true}]}}