{"id":506098,"date":"2025-10-17T15:20:19","date_gmt":"2025-10-17T15:20:19","guid":{"rendered":"https:\/\/www.europesays.com\/de\/506098\/"},"modified":"2025-10-17T15:20:19","modified_gmt":"2025-10-17T15:20:19","slug":"rheinmetall-renk-und-co-diese-ruestungsaktien-sind-jetzt-schnaeppchen-leben-wissen","status":"publish","type":"post","link":"https:\/\/www.europesays.com\/de\/506098\/","title":{"rendered":"Rheinmetall, Renk und Co. : Diese R\u00fcstungsaktien sind jetzt Schn\u00e4ppchen | Leben &#038; Wissen"},"content":{"rendered":"<p>Ein unerwarteter Kurssturz ersch\u00fcttert die B\u00f6rse: Die Aktien der deutschen R\u00fcstungsriesen Rheinmetall, Hensoldt und Renk verlieren pl\u00f6tzlich drastisch an Wert. Trotz voller Auftragsb\u00fccher und Rekordkursen fragen sich viele Anleger, ob der Boom vorbei ist. <\/p>\n<p><b>Lesen Sie mit BILDplus, was hinter den extremen Kursschwankungen steckt  und welche R\u00fcstungswerte Sie im Auge behalten sollten. <\/b><\/p>\n","protected":false},"excerpt":{"rendered":"Ein unerwarteter Kurssturz ersch\u00fcttert die B\u00f6rse: Die Aktien der deutschen R\u00fcstungsriesen Rheinmetall, Hensoldt und Renk verlieren pl\u00f6tzlich drastisch&hellip;\n","protected":false},"author":2,"featured_media":506099,"comment_status":"","ping_status":"","sticky":false,"template":"","format":"standard","meta":{"footnotes":""},"categories":[134],"tags":[791,28615,8134,665,175,170,169,29,27611,30,171,174,24986,44475,45,173,172,126350],"class_list":{"0":"post-506098","1":"post","2":"type-post","3":"status-publish","4":"format-standard","5":"has-post-thumbnail","7":"category-unternehmen-maerkte","8":"tag-aktien","9":"tag-aktienindex","10":"tag-aktienkurs","11":"tag-boerse","12":"tag-business","13":"tag-companies","14":"tag-companies-markets","15":"tag-deutschland","16":"tag-geldanlage","17":"tag-germany","18":"tag-markets","19":"tag-maerkte","20":"tag-mein-geld","21":"tag-rheinmetall-man-military-vehicles","22":"tag-texttospeech","23":"tag-unternehmen","24":"tag-unternehmen-maerkte","25":"tag-verteidigungswesen"},"share_on_mastodon":{"url":"https:\/\/pubeurope.com\/@de\/115390187081868034","error":""},"_links":{"self":[{"href":"https:\/\/www.europesays.com\/de\/wp-json\/wp\/v2\/posts\/506098","targetHints":{"allow":["GET"]}}],"collection":[{"href":"https:\/\/www.europesays.com\/de\/wp-json\/wp\/v2\/posts"}],"about":[{"href":"https:\/\/www.europesays.com\/de\/wp-json\/wp\/v2\/types\/post"}],"author":[{"embeddable":true,"href":"https:\/\/www.europesays.com\/de\/wp-json\/wp\/v2\/users\/2"}],"replies":[{"embeddable":true,"href":"https:\/\/www.europesays.com\/de\/wp-json\/wp\/v2\/comments?post=506098"}],"version-history":[{"count":0,"href":"https:\/\/www.europesays.com\/de\/wp-json\/wp\/v2\/posts\/506098\/revisions"}],"wp:featuredmedia":[{"embeddable":true,"href":"https:\/\/www.europesays.com\/de\/wp-json\/wp\/v2\/media\/506099"}],"wp:attachment":[{"href":"https:\/\/www.europesays.com\/de\/wp-json\/wp\/v2\/media?parent=506098"}],"wp:term":[{"taxonomy":"category","embeddable":true,"href":"https:\/\/www.europesays.com\/de\/wp-json\/wp\/v2\/categories?post=506098"},{"taxonomy":"post_tag","embeddable":true,"href":"https:\/\/www.europesays.com\/de\/wp-json\/wp\/v2\/tags?post=506098"}],"curies":[{"name":"wp","href":"https:\/\/api.w.org\/{rel}","templated":true}]}}