{"id":5061,"date":"2025-04-03T12:55:11","date_gmt":"2025-04-03T12:55:11","guid":{"rendered":"https:\/\/www.europesays.com\/de\/5061\/"},"modified":"2025-04-03T12:55:11","modified_gmt":"2025-04-03T12:55:11","slug":"bonn-polizei-stoppt-e-scooter-fahrer-mit-cannabis-regional","status":"publish","type":"post","link":"https:\/\/www.europesays.com\/de\/5061\/","title":{"rendered":"Bonn: Polizei stoppt E-Scooter-Fahrer mit Cannabis | Regional"},"content":{"rendered":"<p>Bonn \u2013 <b>Ein 31-J\u00e4hriger und eine 35-J\u00e4hrige fuhren am Morgen des 1.4.25 gemeinsam auf einem E-Scooter in Bonn-Duisdorf und wurden von der Polizei gestoppt.<\/b><\/p>\n<p>Die Beamten hielten das Duo gegen 8.15 Uhr auf der Rochusstra\u00dfe an. Bereits bei der Ann\u00e4herung bemerkten die Polizisten den Geruch von Cannabis und die verkleinerten Pupillen des Fahrers. Ein freiwilliger Drogentest offenbarte den Konsum von Cannabis und Amphetamin. Zur Beweissicherung wurde eine Blutprobe angeordnet.<\/p>\n<p>Dem Mann wurde bis zum Abbau der Drogen die Fahrerlaubnis entzogen. Zudem wird das Stra\u00dfenverkehrsamt \u00fcber die Fahrt\u00fcchtigkeit des Mannes informiert. Die Nutzung eines E-Scooters unter Drogeneinfluss kann schwerwiegende Folgen haben und den F\u00fchrerschein gef\u00e4hrden.<\/p>\n<p>Dieser Text basiert auf einer offiziellen Beh\u00f6rden-Information und wurde mit Hilfe von KI erstellt.<\/p>\n","protected":false},"excerpt":{"rendered":"Bonn \u2013 Ein 31-J\u00e4hriger und eine 35-J\u00e4hrige fuhren am Morgen des 1.4.25 gemeinsam auf einem E-Scooter in Bonn-Duisdorf&hellip;\n","protected":false},"author":2,"featured_media":2785,"comment_status":"","ping_status":"","sticky":false,"template":"","format":"standard","meta":{"footnotes":""},"categories":[1842],"tags":[1741,3364,29,1994,30,2509,1209,121,45],"class_list":{"0":"post-5061","1":"post","2":"type-post","3":"status-publish","4":"format-standard","5":"has-post-thumbnail","7":"category-bonn","8":"tag-bonn","9":"tag-de","10":"tag-deutschland","11":"tag-drogenhandel","12":"tag-germany","13":"tag-ki-ots","14":"tag-nordrhein-westfalen","15":"tag-polizei","16":"tag-texttospeech"},"share_on_mastodon":{"url":"https:\/\/pubeurope.com\/@de\/114274141717468898","error":""},"_links":{"self":[{"href":"https:\/\/www.europesays.com\/de\/wp-json\/wp\/v2\/posts\/5061","targetHints":{"allow":["GET"]}}],"collection":[{"href":"https:\/\/www.europesays.com\/de\/wp-json\/wp\/v2\/posts"}],"about":[{"href":"https:\/\/www.europesays.com\/de\/wp-json\/wp\/v2\/types\/post"}],"author":[{"embeddable":true,"href":"https:\/\/www.europesays.com\/de\/wp-json\/wp\/v2\/users\/2"}],"replies":[{"embeddable":true,"href":"https:\/\/www.europesays.com\/de\/wp-json\/wp\/v2\/comments?post=5061"}],"version-history":[{"count":0,"href":"https:\/\/www.europesays.com\/de\/wp-json\/wp\/v2\/posts\/5061\/revisions"}],"wp:featuredmedia":[{"embeddable":true,"href":"https:\/\/www.europesays.com\/de\/wp-json\/wp\/v2\/media\/2785"}],"wp:attachment":[{"href":"https:\/\/www.europesays.com\/de\/wp-json\/wp\/v2\/media?parent=5061"}],"wp:term":[{"taxonomy":"category","embeddable":true,"href":"https:\/\/www.europesays.com\/de\/wp-json\/wp\/v2\/categories?post=5061"},{"taxonomy":"post_tag","embeddable":true,"href":"https:\/\/www.europesays.com\/de\/wp-json\/wp\/v2\/tags?post=5061"}],"curies":[{"name":"wp","href":"https:\/\/api.w.org\/{rel}","templated":true}]}}