{"id":506130,"date":"2025-10-17T15:37:13","date_gmt":"2025-10-17T15:37:13","guid":{"rendered":"https:\/\/www.europesays.com\/de\/506130\/"},"modified":"2025-10-17T15:37:13","modified_gmt":"2025-10-17T15:37:13","slug":"baustart-fuer-agri-solarpark-in-muenster","status":"publish","type":"post","link":"https:\/\/www.europesays.com\/de\/506130\/","title":{"rendered":"Baustart f\u00fcr Agri-Solarpark in M\u00fcnster"},"content":{"rendered":"<p> Ein Projekt mit Pioniercharakter\u00a0 <\/p>\n<p>Der Agri-Solarpark sei der erste seiner Art in M\u00fcnster, Ideengeber war Landwirt und Fl\u00e4chengeber Heinz-Georg Hartmann. \u201eLebensmittel erzeugen und Verantwortung f\u00fcr die Energiewende vor Ort \u00fcbernehmen: Mit Agri-Photovoltaik gelingt der Landwirtschaft beides, und Fl\u00e4chen werden so effizient wie m\u00f6glich genutzt\u201c, erl\u00e4utert Betriebsleiter und Junglandwirt Julian Hartmann. Gerade im Sommer k\u00f6nnten die Solarmodule au\u00dferdem dazu beitragen, Pflanzen vor zu starker Sonneneinstrahlung zu sch\u00fctzen und das Mikroklima am Boden zu verbessern.<\/p>\n<p>F\u00fcr den Fraunhofer-Gesellschaft ist die Kooperation f\u00fcr die Abnahme von Strom aus erneuerbaren Quellen mit den Stadtwerken bislang ebenfalls einzigartig. Nach heutigem Stand der Produktionstechnologie werden f\u00fcr die Herstellung von einer Kilowattstunde Batteriezellkapazit\u00e4t rund 20 bis 40 Kilowattstunden Energie ben\u00f6tigt. Insbesondere die Elektrodenfertigung und die Formierung der Zellen seien mit einem hohen Strombedarf verbunden. \u201eIn der FFB PreFab setzen wir daher auf ein ressourcenschonendes Energiekonzept mit Eigenstrom aus einer Dach-PV-Anlage, einer Kombi-W\u00e4rmepumpe sowie Energievorhersagen zur energetischen Betriebsoptimierung der Batteriezellproduktion. Der Bau der Agri-PV-Anlage und der k\u00fcnftige Bezug von regionalem Gr\u00fcnstrom sind weitere wichtige Schritte hin zu einer nachhaltigen und zukunftsf\u00e4higen Energieversorgung unserer Batterieforschungsfabrik\u201c, sagt Maik Kleinspohn aus der Gruppe Energietechnik an der Fraunhofer-Einrichtung Forschungsfertigung Batteriezelle FFB.<\/p>\n<p> B\u00fcrgerbeteiligung geplant\u00a0 <\/p>\n<p>Voraussichtlich im Winter startet eine B\u00fcrgerbeteiligung per Nachrangdarlehen, an der sich die Amelsb\u00fcrener B\u00fcrgerinnen und B\u00fcrger sowie die \u00d6kostromkundschaft der Stadtwerke M\u00fcnster beteiligen k\u00f6nnen. Geplant ist eine Beteiligung mit Summen zwischen 500 und 25.000 Euro, jeweils in 500-Euro-Schritten.<\/p>\n","protected":false},"excerpt":{"rendered":"Ein Projekt mit Pioniercharakter\u00a0 Der Agri-Solarpark sei der erste seiner Art in M\u00fcnster, Ideengeber war Landwirt und Fl\u00e4chengeber&hellip;\n","protected":false},"author":2,"featured_media":506131,"comment_status":"","ping_status":"","sticky":false,"template":"","format":"standard","meta":{"footnotes":""},"categories":[1843],"tags":[3364,29,126354,30,8970,1209,41252,1731,126355],"class_list":{"0":"post-506130","1":"post","2":"type-post","3":"status-publish","4":"format-standard","5":"has-post-thumbnail","7":"category-muenster","8":"tag-de","9":"tag-deutschland","10":"tag-ffb-prefab","11":"tag-germany","12":"tag-muenster","13":"tag-nordrhein-westfalen","14":"tag-pv-anlage","15":"tag-solarstrom","16":"tag-stadtwerke-muenster"},"share_on_mastodon":{"url":"https:\/\/pubeurope.com\/@de\/115390254293700640","error":""},"_links":{"self":[{"href":"https:\/\/www.europesays.com\/de\/wp-json\/wp\/v2\/posts\/506130","targetHints":{"allow":["GET"]}}],"collection":[{"href":"https:\/\/www.europesays.com\/de\/wp-json\/wp\/v2\/posts"}],"about":[{"href":"https:\/\/www.europesays.com\/de\/wp-json\/wp\/v2\/types\/post"}],"author":[{"embeddable":true,"href":"https:\/\/www.europesays.com\/de\/wp-json\/wp\/v2\/users\/2"}],"replies":[{"embeddable":true,"href":"https:\/\/www.europesays.com\/de\/wp-json\/wp\/v2\/comments?post=506130"}],"version-history":[{"count":0,"href":"https:\/\/www.europesays.com\/de\/wp-json\/wp\/v2\/posts\/506130\/revisions"}],"wp:featuredmedia":[{"embeddable":true,"href":"https:\/\/www.europesays.com\/de\/wp-json\/wp\/v2\/media\/506131"}],"wp:attachment":[{"href":"https:\/\/www.europesays.com\/de\/wp-json\/wp\/v2\/media?parent=506130"}],"wp:term":[{"taxonomy":"category","embeddable":true,"href":"https:\/\/www.europesays.com\/de\/wp-json\/wp\/v2\/categories?post=506130"},{"taxonomy":"post_tag","embeddable":true,"href":"https:\/\/www.europesays.com\/de\/wp-json\/wp\/v2\/tags?post=506130"}],"curies":[{"name":"wp","href":"https:\/\/api.w.org\/{rel}","templated":true}]}}