{"id":506138,"date":"2025-10-17T15:41:10","date_gmt":"2025-10-17T15:41:10","guid":{"rendered":"https:\/\/www.europesays.com\/de\/506138\/"},"modified":"2025-10-17T15:41:10","modified_gmt":"2025-10-17T15:41:10","slug":"wuppertal-gegner-will-endlich-wieder-einen-sieg","status":"publish","type":"post","link":"https:\/\/www.europesays.com\/de\/506138\/","title":{"rendered":"Wuppertal-Gegner will endlich wieder einen Sieg"},"content":{"rendered":"<p class=\"text_ohne_einzug richtext text-em-55 !leading-serif mx-6 desktop:mx-0\">Wenn der Wuppertaler SV am heutigen Samstag um 18 Uhr gegen die U\u00a023 des VfL Bochum sein n\u00e4chstes Ligaspiel bestreitet, dann wird auch ein guter alter Bekannter dem Stadion am Zoo einen Besuch abstatten. Knut Hartwig , der von 1992 bis 1994 71 Zweitligaspiele f\u00fcr den WSV bestritt und anschlie\u00dfend noch einige Jahre f\u00fcr den WSV und den damaligen SV Borussia spielte, wird auf der Trib\u00fcne interessierter Zuschauer sein. Schlie\u00dflich spielt bei den Bochumern sein Sohn Luis (22), der als gro\u00dfes Bochumer Talent gilt.<\/p>\n","protected":false},"excerpt":{"rendered":"Wenn der Wuppertaler SV am heutigen Samstag um 18 Uhr gegen die U\u00a023 des VfL Bochum sein n\u00e4chstes&hellip;\n","protected":false},"author":2,"featured_media":506139,"comment_status":"","ping_status":"","sticky":false,"template":"","format":"standard","meta":{"footnotes":""},"categories":[1840],"tags":[3364,29,9256,30,39428,97919,126359,126356,126357,16852,12177,1209,7002,14129,5725,126360,36508,9789,13371,6227,4418,126358],"class_list":{"0":"post-506138","1":"post","2":"type-post","3":"status-publish","4":"format-standard","5":"has-post-thumbnail","7":"category-wuppertal","8":"tag-de","9":"tag-deutschland","10":"tag-dreier","11":"tag-germany","12":"tag-hartwig","13":"tag-knut","14":"tag-laenderspielwochenende","15":"tag-ligaspiel","16":"tag-luis","17":"tag-mannschaft","18":"tag-nationalspieler","19":"tag-nordrhein-westfalen","20":"tag-pokalspiel","21":"tag-samstag","22":"tag-spiel","23":"tag-spielfreien","24":"tag-spielt","25":"tag-spielzeit","26":"tag-vfl","27":"tag-wsv","28":"tag-wuppertal","29":"tag-zweitligaspiele"},"share_on_mastodon":{"url":"https:\/\/pubeurope.com\/@de\/115390269729777949","error":""},"_links":{"self":[{"href":"https:\/\/www.europesays.com\/de\/wp-json\/wp\/v2\/posts\/506138","targetHints":{"allow":["GET"]}}],"collection":[{"href":"https:\/\/www.europesays.com\/de\/wp-json\/wp\/v2\/posts"}],"about":[{"href":"https:\/\/www.europesays.com\/de\/wp-json\/wp\/v2\/types\/post"}],"author":[{"embeddable":true,"href":"https:\/\/www.europesays.com\/de\/wp-json\/wp\/v2\/users\/2"}],"replies":[{"embeddable":true,"href":"https:\/\/www.europesays.com\/de\/wp-json\/wp\/v2\/comments?post=506138"}],"version-history":[{"count":0,"href":"https:\/\/www.europesays.com\/de\/wp-json\/wp\/v2\/posts\/506138\/revisions"}],"wp:featuredmedia":[{"embeddable":true,"href":"https:\/\/www.europesays.com\/de\/wp-json\/wp\/v2\/media\/506139"}],"wp:attachment":[{"href":"https:\/\/www.europesays.com\/de\/wp-json\/wp\/v2\/media?parent=506138"}],"wp:term":[{"taxonomy":"category","embeddable":true,"href":"https:\/\/www.europesays.com\/de\/wp-json\/wp\/v2\/categories?post=506138"},{"taxonomy":"post_tag","embeddable":true,"href":"https:\/\/www.europesays.com\/de\/wp-json\/wp\/v2\/tags?post=506138"}],"curies":[{"name":"wp","href":"https:\/\/api.w.org\/{rel}","templated":true}]}}