{"id":506146,"date":"2025-10-17T15:45:16","date_gmt":"2025-10-17T15:45:16","guid":{"rendered":"https:\/\/www.europesays.com\/de\/506146\/"},"modified":"2025-10-17T15:45:16","modified_gmt":"2025-10-17T15:45:16","slug":"michail-chodorkowski-in-russland-herrscht-der-glaube-schon-im-krieg-mit-der-nato-zu-sein","status":"publish","type":"post","link":"https:\/\/www.europesays.com\/de\/506146\/","title":{"rendered":"Michail Chodorkowski: &#8222;In Russland herrscht der Glaube, schon im Krieg mit der Nato zu sein&#8220;"},"content":{"rendered":"<p>\n                        Der russische Regimekritiker Michail Chodorkowski sieht kaum Kriegsm\u00fcdigkeit bei seinen Landsleuten. Er h\u00e4lt Handelssanktionen f\u00fcr kontraproduktiv und warnt die Ukraine.\n                    <\/p>\n<p>        17. Oktober 2025, 17:22 Uhr\n    <\/p>\n<p>                Schlie\u00dfen<br \/>\n                Artikelzusammenfassung<\/p>\n<p>Der Regierungskritiker Michail Chodorkowski warnt vor einer m\u00f6glichen Unterst\u00fctzung der russischen Bev\u00f6lkerung f\u00fcr einen milit\u00e4rischen Konflikt mit einem Nato-Mitgliedsland. Chodorkowski betont, dass die Stimmung in Russland bereits seit Jahren anti-westlich gepr\u00e4gt sei. Trotzdem sei Putin sich der strategischen Risiken eines solchen Konflikts bewusst. Die Bev\u00f6lkerung Russlands zeigt laut Chodorkowski wenig Interesse an einem Ende des Krieges in der Ukraine und vergisst zunehmend die Urspr\u00fcnge des Konflikts. Der ehemalige \u00d6lmagnat sieht die Wirksamkeit von Sanktionen gegen Russland kritisch und betont, dass das Land alternative Handelspartner wie China gefunden hat. Chodorkowski warnt die Ukraine davor, mit Angriffen auf russische \u00d6linfrastruktur eine zu starke Mobilisierung der russischen Bev\u00f6lkerung zu provozieren.<\/p>\n<p>                Diese Zusammenfassung wurde mithilfe von K\u00fcnstlicher Intelligenz erstellt. Vereinzelt kann es dabei zu Fehlern kommen.<\/p>\n<p class=\"summy__feedback-paragraph\">Fanden Sie die Zusammenfassung hilfreich? <\/p>\n<p>                        Gef\u00e4llt mir<\/p>\n<p>                        Gef\u00e4llt mir<\/p>\n<p>                        Gef\u00e4llt mir nicht<\/p>\n<p>                        Gef\u00e4llt mir nicht<\/p>\n<p>                        Send<\/p>\n<p>            <img decoding=\"async\" class=\"article__media-item\" src=\"https:\/\/www.europesays.com\/de\/wp-content\/uploads\/2025\/10\/1760715916_439_wide__1000x562.jpeg\" alt=\"Michail Chodorkowski: Der russische Regimekritiker Michail Chodorkowski (Archivbild aus dem Jahr 2022) r\u00e4t der Ukraine zu Vorsicht bei den Gegenangriffen auf Ziele in Russland.\"\/><\/p>\n<p>                    Der russische Regimekritiker Michail Chodorkowski (Archivbild aus dem Jahr 2022) r\u00e4t der Ukraine zu Vorsicht bei den Gegenangriffen auf Ziele in Russland.<br \/>\n            \u00a9\u00a0Bernd von Jutrczenka\/\u200bdpa<\/p>\n<p class=\"paragraph\">Der Regierungskritiker\u00a0<a href=\"https:\/\/www.zeit.de\/thema\/michail-chodorkowski\" class=\"\" target=\"_blank\" rel=\"noopener\">Michail Chodorkowski<\/a>\u00a0glaubt, dass die russische Bev\u00f6lkerung einen milit\u00e4rischen Konflikt mit einem Nato-Mitgliedsland mittragen w\u00fcrde.\u00a0&#8222;In der russischen Bev\u00f6lkerung herrscht schon seit drei Jahren der Eindruck, dass man gegen die Nato k\u00e4mpft&#8220;, sagte\u00a0Chodorkowski bei\u00a0einem Gespr\u00e4ch mit dem Thinktank Zentrum f\u00fcr Liberale Moderne in Berlin.\n<\/p>\n<p class=\"paragraph\">Der russische Pr\u00e4sident Wladimir Putin selbst wisse nat\u00fcrlich, dass dies nicht der Fall sei. Putin sei sich auch dar\u00fcber bewusst, dass\u00a0<a href=\"https:\/\/www.zeit.de\/2025\/44\/andrij-melnyk-ukraine-botschafter-deutschland-un\" class=\"\" target=\"_blank\" rel=\"noopener\">ein Angriff auf ein Nato-Mitgliedsland<\/a>\u00a0ohne ein Ende des Krieges in der <a class=\"rtr-entity\" href=\"https:\/\/www.zeit.de\/politik\/ausland\/ukraine-krieg-news-liveblog\" target=\"_blank\" rel=\"noopener\">Ukraine<\/a> ein strategischer Fehler w\u00e4re, &#8222;aber bei den Menschen w\u00e4re die Blockade im<br \/>\nKopf weg, wenn nun die Nachricht k\u00e4me: Russland steht im Krieg mit<br \/>\nEstland&#8220;, sagte Chodorkowski.\u00a0<\/p>\n","protected":false},"excerpt":{"rendered":"Der russische Regimekritiker Michail Chodorkowski sieht kaum Kriegsm\u00fcdigkeit bei seinen Landsleuten. Er h\u00e4lt Handelssanktionen f\u00fcr kontraproduktiv und warnt&hellip;\n","protected":false},"author":2,"featured_media":506147,"comment_status":"","ping_status":"","sticky":false,"template":"","format":"standard","meta":{"footnotes":""},"categories":[4012],"tags":[331,332,13,1435,125047,451,14,1159,15,16,307,9562,12,317],"class_list":{"0":"post-506146","1":"post","2":"type-post","3":"status-publish","4":"format-standard","5":"has-post-thumbnail","7":"category-ukraine","8":"tag-aktuelle-nachrichten","9":"tag-aktuelle-news","10":"tag-headlines","11":"tag-krieg-in-der-ukraine","12":"tag-michail-chodorkowski","13":"tag-militaer","14":"tag-nachrichten","15":"tag-nato","16":"tag-news","17":"tag-politik","18":"tag-russland","19":"tag-sanktion","20":"tag-schlagzeilen","21":"tag-ukraine"},"share_on_mastodon":{"url":"https:\/\/pubeurope.com\/@de\/115390285525138595","error":""},"_links":{"self":[{"href":"https:\/\/www.europesays.com\/de\/wp-json\/wp\/v2\/posts\/506146","targetHints":{"allow":["GET"]}}],"collection":[{"href":"https:\/\/www.europesays.com\/de\/wp-json\/wp\/v2\/posts"}],"about":[{"href":"https:\/\/www.europesays.com\/de\/wp-json\/wp\/v2\/types\/post"}],"author":[{"embeddable":true,"href":"https:\/\/www.europesays.com\/de\/wp-json\/wp\/v2\/users\/2"}],"replies":[{"embeddable":true,"href":"https:\/\/www.europesays.com\/de\/wp-json\/wp\/v2\/comments?post=506146"}],"version-history":[{"count":0,"href":"https:\/\/www.europesays.com\/de\/wp-json\/wp\/v2\/posts\/506146\/revisions"}],"wp:featuredmedia":[{"embeddable":true,"href":"https:\/\/www.europesays.com\/de\/wp-json\/wp\/v2\/media\/506147"}],"wp:attachment":[{"href":"https:\/\/www.europesays.com\/de\/wp-json\/wp\/v2\/media?parent=506146"}],"wp:term":[{"taxonomy":"category","embeddable":true,"href":"https:\/\/www.europesays.com\/de\/wp-json\/wp\/v2\/categories?post=506146"},{"taxonomy":"post_tag","embeddable":true,"href":"https:\/\/www.europesays.com\/de\/wp-json\/wp\/v2\/tags?post=506146"}],"curies":[{"name":"wp","href":"https:\/\/api.w.org\/{rel}","templated":true}]}}