{"id":506156,"date":"2025-10-17T15:50:24","date_gmt":"2025-10-17T15:50:24","guid":{"rendered":"https:\/\/www.europesays.com\/de\/506156\/"},"modified":"2025-10-17T15:50:24","modified_gmt":"2025-10-17T15:50:24","slug":"europa-ist-in-der-lage-wirtschaftliche-schocks-zu-bewaeltigen","status":"publish","type":"post","link":"https:\/\/www.europesays.com\/de\/506156\/","title":{"rendered":"Europa ist in der Lage, wirtschaftliche Schocks zu bew\u00e4ltigen"},"content":{"rendered":"<p> Die Pr\u00e4sidentin der Europ\u00e4ischen Zentralbank (EZB), Christine Lagarde, bekr\u00e4ftigte am 16. Oktober, dass Europa trotz des Drucks durch die US-Z\u00f6lle und den Konflikt in der Ukraine in einer starken Position sei, um mit zuk\u00fcnftigen <a class=\"data-link\" data-org-href=\"https:\/\/www.vietnam.vn\/category\/kinh-te\" href=\"https:\/\/www.vietnam.vn\/category\/kinh-te\" title=\"Wirtschaft\" target=\"_blank\" rel=\"noopener\">wirtschaftlichen<\/a> Schocks umzugehen.<\/p>\n<p> Bei einer Veranstaltung des Internationalen W\u00e4hrungsfonds (IWF) in Washington sagte Lagarde, die Inflation in der Eurozone habe in den letzten Monaten um die Zwei-Prozent-Marke verharrt. \u201eWir sind gut aufgestellt und gut vorbereitet, um den kommenden Schocks zu begegnen\u201c, sagte sie, r\u00e4umte aber ein, dass es weiterhin viele unvorhersehbare Risiken wie Handelsspannungen und den Ukraine-Konflikt gebe.<\/p>\n<p> Viele Experten hatten zuvor bef\u00fcrchtet, dass die nach z\u00e4hen Verhandlungen erfolgte Erh\u00f6hung der US-Importz\u00f6lle auf europ\u00e4ische Waren auf 15 Prozent einen schweren Wachstumsschock ausl\u00f6sen und die Inflation in der Region wieder anheizen k\u00f6nnte. Tats\u00e4chlich waren die Auswirkungen bisher jedoch \u201eweniger schwerwiegend als erwartet\u201c, was zum Teil darauf zur\u00fcckzuf\u00fchren ist, dass der starke Euro zur Senkung der Importkosten beitr\u00e4gt.<\/p>\n<p> Der j\u00fcngsten Prognose des IWF zufolge wird die Wirtschaft der Eurozone im Jahr 2025 voraussichtlich um 1,2 Prozent wachsen, was auf eine Erholung in Spanien und leichte Verbesserungen in Deutschland und Frankreich zur\u00fcckzuf\u00fchren ist. <\/p>\n<p class=\"mb-0\"> Quelle: https:\/\/vtv.vn\/chu-tich-ecb-chau-au-du-suc-ung-pho-voi-cac-cu-soc-kinh-te-100251017143759653.htm<\/p>\n","protected":false},"excerpt":{"rendered":"Die Pr\u00e4sidentin der Europ\u00e4ischen Zentralbank (EZB), Christine Lagarde, bekr\u00e4ftigte am 16. Oktober, dass Europa trotz des Drucks durch&hellip;\n","protected":false},"author":2,"featured_media":506157,"comment_status":"","ping_status":"","sticky":false,"template":"","format":"standard","meta":{"footnotes":""},"categories":[3933],"tags":[331,332,548,663,158,3934,3935,33871,13,126362,14,15,12,26781],"class_list":{"0":"post-506156","1":"post","2":"type-post","3":"status-publish","4":"format-standard","5":"has-post-thumbnail","7":"category-eu","8":"tag-aktuelle-nachrichten","9":"tag-aktuelle-news","10":"tag-eu","11":"tag-europa","12":"tag-europaeische-union","13":"tag-europe","14":"tag-european-union","15":"tag-eurozone","16":"tag-headlines","17":"tag-internationaler-waehrungsfonds","18":"tag-nachrichten","19":"tag-news","20":"tag-schlagzeilen","21":"tag-zentralbank"},"share_on_mastodon":{"url":"https:\/\/pubeurope.com\/@de\/115390305113566845","error":""},"_links":{"self":[{"href":"https:\/\/www.europesays.com\/de\/wp-json\/wp\/v2\/posts\/506156","targetHints":{"allow":["GET"]}}],"collection":[{"href":"https:\/\/www.europesays.com\/de\/wp-json\/wp\/v2\/posts"}],"about":[{"href":"https:\/\/www.europesays.com\/de\/wp-json\/wp\/v2\/types\/post"}],"author":[{"embeddable":true,"href":"https:\/\/www.europesays.com\/de\/wp-json\/wp\/v2\/users\/2"}],"replies":[{"embeddable":true,"href":"https:\/\/www.europesays.com\/de\/wp-json\/wp\/v2\/comments?post=506156"}],"version-history":[{"count":0,"href":"https:\/\/www.europesays.com\/de\/wp-json\/wp\/v2\/posts\/506156\/revisions"}],"wp:featuredmedia":[{"embeddable":true,"href":"https:\/\/www.europesays.com\/de\/wp-json\/wp\/v2\/media\/506157"}],"wp:attachment":[{"href":"https:\/\/www.europesays.com\/de\/wp-json\/wp\/v2\/media?parent=506156"}],"wp:term":[{"taxonomy":"category","embeddable":true,"href":"https:\/\/www.europesays.com\/de\/wp-json\/wp\/v2\/categories?post=506156"},{"taxonomy":"post_tag","embeddable":true,"href":"https:\/\/www.europesays.com\/de\/wp-json\/wp\/v2\/tags?post=506156"}],"curies":[{"name":"wp","href":"https:\/\/api.w.org\/{rel}","templated":true}]}}