{"id":506164,"date":"2025-10-17T15:54:16","date_gmt":"2025-10-17T15:54:16","guid":{"rendered":"https:\/\/www.europesays.com\/de\/506164\/"},"modified":"2025-10-17T15:54:16","modified_gmt":"2025-10-17T15:54:16","slug":"pol-bn-siegburg-verdacht-des-versuchten-toetungsdeliktes-tatverdaechtiger","status":"publish","type":"post","link":"https:\/\/www.europesays.com\/de\/506164\/","title":{"rendered":"POL-BN: Siegburg: Verdacht des versuchten T\u00f6tungsdeliktes &#8211; Tatverd\u00e4chtiger &#8230;"},"content":{"rendered":"<p class=\"date\">17.10.2025 \u2013 14:27<\/p>\n<p class=\"customer\">\n                        <a class=\"story-customer\" title=\"weiter zum newsroom von Polizei Bonn\" href=\"https:\/\/www.presseportal.de\/blaulicht\/nr\/7304\" rel=\"nofollow noopener\" target=\"_blank\">Polizei Bonn<\/a>\n                    <\/p>\n<p><a data-category=\"citylink-story-view\" data-action=\"click\" data-label=\"Citylink in Meldungsansicht\" class=\"story-city event-trigger\" href=\"https:\/\/www.presseportal.de\/regional\/Bonn%252FSiegburg\" title=\"News aus Bonn\/Siegburg \" rel=\"nofollow noopener\" target=\"_blank\">Bonn\/Siegburg<\/a> (ots)<\/p>\n<p>In der Nacht zum 09.10.2025 wurde ein schwer verletzter 41-J\u00e4hriger in der Stra\u00dfe Steinbahn in Siegburg aufgefunden. Er hatte angegeben, mit einem Messer verletzt worden zu sein.<br \/>\nEine Mordkommission der Bonner Polizei unter der Leitung von Erster Kriminalhauptkommissar Norbert Lindhorst \u00fcbernahm daraufhin in enger Abstimmung mit Staatsanwalt Martin Kriebisch von der Bonner Staatsanwaltschaft die weiteren Ermittlungen.<\/p>\n<p>(siehe hierzu auch unsere Pressemeldung vom 09.10.2025, 09:37 Uhr: <a target=\"_blank\" class=\"uri-ext outbound\" rel=\"noopener nofollow\" href=\"https:\/\/www.presseportal.de\/blaulicht\/pm\/7304\/6134147\">https:\/\/www.presseportal.de\/blaulicht\/pm\/7304\/6134147<\/a>).<\/p>\n<p>Im Rahmen der durch die Mordkommission gef\u00fchrten Ermittlungen ergab sich ein dringender Tatverdacht gegen einen 38-j\u00e4hrigen Mann. Er steht im Verdacht, den 41-J\u00e4hrigen im Rahmen eines Streitgeschehens auf der Stra\u00dfe Steinbahn mit einem Messer angegriffen und schwer verletzt zu haben.<\/p>\n<p>Der Tatverd\u00e4chtige wurde am Donnerstag (16.10.2025) in Siegburg mit einem zuvor durch die Bonner Staatsanwaltschaft beantragten Untersuchungshaftbefehl wegen des Verdachts des versuchten Totschlags festgenommen.<\/p>\n<p>Am Freitag wurde der Festgenommene dem Haftrichter vorgef\u00fchrt und anschlie\u00dfend einer Justizvollzugsanstalt zugef\u00fchrt.<\/p>\n<p class=\"contact-headline\">R\u00fcckfragen bitte an:<\/p>\n<p class=\"contact-text\">Polizei Bonn<br \/>Pressestelle<br \/>Telefon: 0228 &#8211; 1510-21 bis 23<br \/>Fax: 0228-151202<br \/><a target=\"_blank\" class=\"uri-ext outbound\" rel=\"noopener nofollow\" href=\"https:\/\/bonn.polizei.nrw\">https:\/\/bonn.polizei.nrw<\/a><\/p>\n<p>Folgen Sie f\u00fcr aktuelle Informationen gerne unserem WhatsApp-Kanal:<br \/><a target=\"_blank\" class=\"uri-ext outbound\" rel=\"noopener nofollow\" href=\"https:\/\/t1p.de\/v1grf\">https:\/\/t1p.de\/v1grf<\/a><\/p>\n<p class=\"originator\">Original-Content von: Polizei Bonn, \u00fcbermittelt durch news aktuell<\/p>\n","protected":false},"excerpt":{"rendered":"17.10.2025 \u2013 14:27 Polizei Bonn Bonn\/Siegburg (ots) In der Nacht zum 09.10.2025 wurde ein schwer verletzter 41-J\u00e4hriger in&hellip;\n","protected":false},"author":2,"featured_media":386213,"comment_status":"","ping_status":"","sticky":false,"template":"","format":"standard","meta":{"footnotes":""},"categories":[1842],"tags":[1741,3364,29,30,177,1209,176,121,178,180,179,181],"class_list":{"0":"post-506164","1":"post","2":"type-post","3":"status-publish","4":"format-standard","5":"has-post-thumbnail","7":"category-bonn","8":"tag-bonn","9":"tag-de","10":"tag-deutschland","11":"tag-germany","12":"tag-kriminalitt","13":"tag-nordrhein-westfalen","14":"tag-nrw","15":"tag-polizei","16":"tag-presse","17":"tag-pressemeldung","18":"tag-pressemitteilung","19":"tag-pressemitteilungen"},"share_on_mastodon":{"url":"https:\/\/pubeurope.com\/@de\/115390321171189453","error":""},"_links":{"self":[{"href":"https:\/\/www.europesays.com\/de\/wp-json\/wp\/v2\/posts\/506164","targetHints":{"allow":["GET"]}}],"collection":[{"href":"https:\/\/www.europesays.com\/de\/wp-json\/wp\/v2\/posts"}],"about":[{"href":"https:\/\/www.europesays.com\/de\/wp-json\/wp\/v2\/types\/post"}],"author":[{"embeddable":true,"href":"https:\/\/www.europesays.com\/de\/wp-json\/wp\/v2\/users\/2"}],"replies":[{"embeddable":true,"href":"https:\/\/www.europesays.com\/de\/wp-json\/wp\/v2\/comments?post=506164"}],"version-history":[{"count":0,"href":"https:\/\/www.europesays.com\/de\/wp-json\/wp\/v2\/posts\/506164\/revisions"}],"wp:featuredmedia":[{"embeddable":true,"href":"https:\/\/www.europesays.com\/de\/wp-json\/wp\/v2\/media\/386213"}],"wp:attachment":[{"href":"https:\/\/www.europesays.com\/de\/wp-json\/wp\/v2\/media?parent=506164"}],"wp:term":[{"taxonomy":"category","embeddable":true,"href":"https:\/\/www.europesays.com\/de\/wp-json\/wp\/v2\/categories?post=506164"},{"taxonomy":"post_tag","embeddable":true,"href":"https:\/\/www.europesays.com\/de\/wp-json\/wp\/v2\/tags?post=506164"}],"curies":[{"name":"wp","href":"https:\/\/api.w.org\/{rel}","templated":true}]}}