{"id":506184,"date":"2025-10-17T16:05:14","date_gmt":"2025-10-17T16:05:14","guid":{"rendered":"https:\/\/www.europesays.com\/de\/506184\/"},"modified":"2025-10-17T16:05:14","modified_gmt":"2025-10-17T16:05:14","slug":"so-gut-ist-werder-talent-karim-coulibaly-top-vereine-interessiert","status":"publish","type":"post","link":"https:\/\/www.europesays.com\/de\/506184\/","title":{"rendered":"So gut ist Werder-Talent Karim Coulibaly \u2013 Top-Vereine interessiert"},"content":{"rendered":"<p class=\"text-18 leading-17\">Doch Druck haben Coulibaly und Werder Bremen nicht: Der Vertrag l\u00e4uft noch bis 2029, eine Ausstiegsklausel soll es nicht geben. Erst im Mai 2025 unterschrieb der 18-J\u00e4hrige sein aktuelles Arbeitspapier.<\/p>\n<p class=\"text-18 leading-17\">Trainer <a class=\"transition-colors duration-200 cursor-pointer text-inherit no-underline text-salemsfur md:hover:text-magenta md:hover:border-magenta md:focus:text-magenta border-current border-b border-solid break-words\" href=\"https:\/\/www.t-online.de\/themen\/horst-steffen\/\" data-sctrack=\"BodyAnchor\" target=\"_blank\" rel=\"noopener\">Horst Steffen<\/a> d\u00fcrfte auch in den kommenden Monaten auf sein Abwehrtalent setzen. Nach dem 1:0-Sieg \u00fcber den <a class=\"transition-colors duration-200 cursor-pointer text-inherit no-underline text-salemsfur md:hover:text-magenta md:hover:border-magenta md:focus:text-magenta border-current border-b border-solid break-words\" href=\"https:\/\/www.t-online.de\/themen\/fc-st-pauli\/\" data-sctrack=\"BodyAnchor\" target=\"_blank\" rel=\"noopener\">FC St. Pauli<\/a> zeigte sich der 56-J\u00e4hrige sehr zufrieden: &#8222;Ich bin sehr erfreut, dass die Entwicklung bei ihm so gut ist.&#8220;<\/p>\n<p class=\"text-18 leading-17\">Noch deutlicher schw\u00e4rmte Sportdirektor Clemens Fritz bei &#8222;Transfermarkt&#8220;: &#8222;Karim hat sich in jedem Spiel bisher gesteigert, und seine Leistung ist f\u00fcr einen 18-J\u00e4hrigen au\u00dfergew\u00f6hnlich gut. Er hat in den Spielen bislang gezeigt, dass er auf diesem Niveau mitspielen kann, und hat sich seine Eins\u00e4tze mit Leistung verdient.&#8220;<\/p>\n","protected":false},"excerpt":{"rendered":"Doch Druck haben Coulibaly und Werder Bremen nicht: Der Vertrag l\u00e4uft noch bis 2029, eine Ausstiegsklausel soll es&hellip;\n","protected":false},"author":2,"featured_media":506185,"comment_status":"","ping_status":"","sticky":false,"template":"","format":"standard","meta":{"footnotes":""},"categories":[1824],"tags":[3175,38147,2367,126371,2420,25412,3364,29,481,30,692,5075,81331,2375,126370,2365,22874,4978,23233],"class_list":{"0":"post-506184","1":"post","2":"type-post","3":"status-publish","4":"format-standard","5":"has-post-thumbnail","7":"category-bremen","8":"tag-3175","9":"tag-barmbek-uhlenhorst","10":"tag-bayer-04-leverkusen","11":"tag-bramfelder-sv","12":"tag-bremen","13":"tag-clemens-fritz","14":"tag-de","15":"tag-deutschland","16":"tag-dfb","17":"tag-germany","18":"tag-hamburg","19":"tag-hsv","20":"tag-karim-coulibaly","21":"tag-leverkusen","22":"tag-stammelf","23":"tag-sv-werder-bremen","24":"tag-svw","25":"tag-weser","26":"tag-weserstadion"},"share_on_mastodon":{"url":"https:\/\/pubeurope.com\/@de\/115390364181519395","error":""},"_links":{"self":[{"href":"https:\/\/www.europesays.com\/de\/wp-json\/wp\/v2\/posts\/506184","targetHints":{"allow":["GET"]}}],"collection":[{"href":"https:\/\/www.europesays.com\/de\/wp-json\/wp\/v2\/posts"}],"about":[{"href":"https:\/\/www.europesays.com\/de\/wp-json\/wp\/v2\/types\/post"}],"author":[{"embeddable":true,"href":"https:\/\/www.europesays.com\/de\/wp-json\/wp\/v2\/users\/2"}],"replies":[{"embeddable":true,"href":"https:\/\/www.europesays.com\/de\/wp-json\/wp\/v2\/comments?post=506184"}],"version-history":[{"count":0,"href":"https:\/\/www.europesays.com\/de\/wp-json\/wp\/v2\/posts\/506184\/revisions"}],"wp:featuredmedia":[{"embeddable":true,"href":"https:\/\/www.europesays.com\/de\/wp-json\/wp\/v2\/media\/506185"}],"wp:attachment":[{"href":"https:\/\/www.europesays.com\/de\/wp-json\/wp\/v2\/media?parent=506184"}],"wp:term":[{"taxonomy":"category","embeddable":true,"href":"https:\/\/www.europesays.com\/de\/wp-json\/wp\/v2\/categories?post=506184"},{"taxonomy":"post_tag","embeddable":true,"href":"https:\/\/www.europesays.com\/de\/wp-json\/wp\/v2\/tags?post=506184"}],"curies":[{"name":"wp","href":"https:\/\/api.w.org\/{rel}","templated":true}]}}